{"id":5876,"date":"2022-06-30T14:30:02","date_gmt":"2022-06-30T12:30:02","guid":{"rendered":"https:\/\/blogsaverroes.juntadeandalucia.es\/iesantonioalvarezlopez\/?p=5876"},"modified":"2022-07-01T13:01:58","modified_gmt":"2022-07-01T11:01:58","slug":"finaliza-nuestro-proyecto-erasmus","status":"publish","type":"post","link":"https:\/\/blogsaverroes.juntadeandalucia.es\/iesantonioalvarezlopez\/finaliza-nuestro-proyecto-erasmus\/","title":{"rendered":"Finaliza nuestro proyecto Erasmus+"},"content":{"rendered":"<div>Ha terminado el curso 2021-22 y con \u00e9l, nuestro proyecto Erasmus+ &#8216;Time to Change in Gelves&#8217;. Miembros de los departamentos ling\u00fc\u00edsticos han realizado dos cursos de formaci\u00f3n y un periodo de observaci\u00f3n en distintos centros europeos con la idea de ofrecer al alumnado del IES Antonio \u00c1lvarez L\u00f3pez la mejor ense\u00f1anza posible. Pero durante este curso tambi\u00e9n hemos celebrado el D\u00eda Internacional de las Lenguas, el D\u00eda Erasmus y el D\u00eda de Europa, adem\u00e1s de seguir participando en proyectos eTwinning y &#8216;penpals&#8217; (amigos por carta).<\/div>\n<div>Nos despedimos con la ilusi\u00f3n de que nuestro nuevo proyecto, que va un paso m\u00e1s all\u00e1 e incluye a l@s alumn@s, sea aprobado.<\/div>\n<div>&nbsp;<\/div>\n<div><a href=\"https:\/\/blogsaverroes.juntadeandalucia.es\/iesantonioalvarezlopez\/files\/2022\/07\/EUROPE-DAY.png\"><img loading=\"lazy\" decoding=\"async\" class=\"alignnone wp-image-5877 size-medium\" src=\"https:\/\/blogsaverroes.juntadeandalucia.es\/iesantonioalvarezlopez\/files\/2022\/07\/EUROPE-DAY-300x240.png\" alt=\"\" width=\"300\" height=\"240\" srcset=\"https:\/\/blogsaverroes.juntadeandalucia.es\/iesantonioalvarezlopez\/files\/2022\/07\/EUROPE-DAY-300x240.png 300w, https:\/\/blogsaverroes.juntadeandalucia.es\/iesantonioalvarezlopez\/files\/2022\/07\/EUROPE-DAY-1024x819.png 1024w, https:\/\/blogsaverroes.juntadeandalucia.es\/iesantonioalvarezlopez\/files\/2022\/07\/EUROPE-DAY-768x614.png 768w, https:\/\/blogsaverroes.juntadeandalucia.es\/iesantonioalvarezlopez\/files\/2022\/07\/EUROPE-DAY-1536x1229.png 1536w, https:\/\/blogsaverroes.juntadeandalucia.es\/iesantonioalvarezlopez\/files\/2022\/07\/EUROPE-DAY.png 2000w\" sizes=\"(max-width: 300px) 100vw, 300px\" \/><\/a> <a href=\"https:\/\/blogsaverroes.juntadeandalucia.es\/iesantonioalvarezlopez\/files\/2022\/07\/teachers-scaled.jpg\"><img loading=\"lazy\" decoding=\"async\" class=\"alignnone wp-image-5878 size-medium\" src=\"https:\/\/blogsaverroes.juntadeandalucia.es\/iesantonioalvarezlopez\/files\/2022\/07\/teachers-300x225.jpg\" alt=\"\" width=\"300\" height=\"225\" srcset=\"https:\/\/blogsaverroes.juntadeandalucia.es\/iesantonioalvarezlopez\/files\/2022\/07\/teachers-300x225.jpg 300w, https:\/\/blogsaverroes.juntadeandalucia.es\/iesantonioalvarezlopez\/files\/2022\/07\/teachers-1024x767.jpg 1024w, https:\/\/blogsaverroes.juntadeandalucia.es\/iesantonioalvarezlopez\/files\/2022\/07\/teachers-768x575.jpg 768w, https:\/\/blogsaverroes.juntadeandalucia.es\/iesantonioalvarezlopez\/files\/2022\/07\/teachers-1536x1150.jpg 1536w, https:\/\/blogsaverroes.juntadeandalucia.es\/iesantonioalvarezlopez\/files\/2022\/07\/teachers-2048x1533.jpg 2048w\" sizes=\"(max-width: 300px) 100vw, 300px\" \/><\/a><\/div>\n","protected":false},"excerpt":{"rendered":"<p>Ha terminado el curso 2021-22 y con \u00e9l, nuestro proyecto Erasmus+ &#8216;Time to Change in Gelves&#8217;. Miembros de los departamentos ling\u00fc\u00edsticos han realizado dos cursos de formaci\u00f3n y un periodo de observaci\u00f3n en distintos&#46;&#46;&#46;<\/p>\n","protected":false},"author":10111,"featured_media":5878,"comment_status":"closed","ping_status":"closed","sticky":false,"template":"","format":"standard","meta":{"ngg_post_thumbnail":0,"footnotes":""},"categories":[35],"tags":[],"aioseo_notices":[],"_links":{"self":[{"href":"https:\/\/blogsaverroes.juntadeandalucia.es\/iesantonioalvarezlopez\/wp-json\/wp\/v2\/posts\/5876"}],"collection":[{"href":"https:\/\/blogsaverroes.juntadeandalucia.es\/iesantonioalvarezlopez\/wp-json\/wp\/v2\/posts"}],"about":[{"href":"https:\/\/blogsaverroes.juntadeandalucia.es\/iesantonioalvarezlopez\/wp-json\/wp\/v2\/types\/post"}],"author":[{"embeddable":true,"href":"https:\/\/blogsaverroes.juntadeandalucia.es\/iesantonioalvarezlopez\/wp-json\/wp\/v2\/users\/10111"}],"replies":[{"embeddable":true,"href":"https:\/\/blogsaverroes.juntadeandalucia.es\/iesantonioalvarezlopez\/wp-json\/wp\/v2\/comments?post=5876"}],"version-history":[{"count":2,"href":"https:\/\/blogsaverroes.juntadeandalucia.es\/iesantonioalvarezlopez\/wp-json\/wp\/v2\/posts\/5876\/revisions"}],"predecessor-version":[{"id":5880,"href":"https:\/\/blogsaverroes.juntadeandalucia.es\/iesantonioalvarezlopez\/wp-json\/wp\/v2\/posts\/5876\/revisions\/5880"}],"wp:featuredmedia":[{"embeddable":true,"href":"https:\/\/blogsaverroes.juntadeandalucia.es\/iesantonioalvarezlopez\/wp-json\/wp\/v2\/media\/5878"}],"wp:attachment":[{"href":"https:\/\/blogsaverroes.juntadeandalucia.es\/iesantonioalvarezlopez\/wp-json\/wp\/v2\/media?parent=5876"}],"wp:term":[{"taxonomy":"category","embeddable":true,"href":"https:\/\/blogsaverroes.juntadeandalucia.es\/iesantonioalvarezlopez\/wp-json\/wp\/v2\/categories?post=5876"},{"taxonomy":"post_tag","embeddable":true,"href":"https:\/\/blogsaverroes.juntadeandalucia.es\/iesantonioalvarezlopez\/wp-json\/wp\/v2\/tags?post=5876"}],"curies":[{"name":"wp","href":"https:\/\/api.w.org\/{rel}","templated":true}]}}