{"id":6446,"date":"2022-11-25T01:02:19","date_gmt":"2022-11-24T23:02:19","guid":{"rendered":"https:\/\/blogsaverroes.juntadeandalucia.es\/iesantonioalvarezlopez\/?p=6446"},"modified":"2022-11-25T01:05:52","modified_gmt":"2022-11-24T23:05:52","slug":"actividades-erasmus","status":"publish","type":"post","link":"https:\/\/blogsaverroes.juntadeandalucia.es\/iesantonioalvarezlopez\/actividades-erasmus\/","title":{"rendered":"Actividades Erasmus+"},"content":{"rendered":"<p><span style=\"font-weight: 400\">Seguimos participando en el programa Erasmus+.<\/span><\/p>\n<p><a href=\"https:\/\/blogsaverroes.juntadeandalucia.es\/iesantonioalvarezlopez\/files\/2022\/11\/tablon-Erasmus-scaled.jpg\"><img loading=\"lazy\" decoding=\"async\" class=\"aligncenter wp-image-6447 size-medium\" src=\"https:\/\/blogsaverroes.juntadeandalucia.es\/iesantonioalvarezlopez\/files\/2022\/11\/tablon-Erasmus-300x225.jpg\" alt=\"\" width=\"300\" height=\"225\" srcset=\"https:\/\/blogsaverroes.juntadeandalucia.es\/iesantonioalvarezlopez\/files\/2022\/11\/tablon-Erasmus-300x225.jpg 300w, https:\/\/blogsaverroes.juntadeandalucia.es\/iesantonioalvarezlopez\/files\/2022\/11\/tablon-Erasmus-1024x767.jpg 1024w, https:\/\/blogsaverroes.juntadeandalucia.es\/iesantonioalvarezlopez\/files\/2022\/11\/tablon-Erasmus-768x575.jpg 768w, https:\/\/blogsaverroes.juntadeandalucia.es\/iesantonioalvarezlopez\/files\/2022\/11\/tablon-Erasmus-1536x1150.jpg 1536w, https:\/\/blogsaverroes.juntadeandalucia.es\/iesantonioalvarezlopez\/files\/2022\/11\/tablon-Erasmus-2048x1533.jpg 2048w\" sizes=\"(max-width: 300px) 100vw, 300px\" \/><\/a><\/p>\n<p><span style=\"font-weight: 400\">Los alumnos de 4\u00ba ESO aprendieron sobre Erasmus+ y la Uni\u00f3n Europea gracias a las actividades online del Erasmus Day.<\/span><\/p>\n<p><a href=\"https:\/\/blogsaverroes.juntadeandalucia.es\/iesantonioalvarezlopez\/files\/2022\/11\/ErasmusDay1.jpg\"><img loading=\"lazy\" decoding=\"async\" class=\"aligncenter wp-image-6450 size-medium\" src=\"https:\/\/blogsaverroes.juntadeandalucia.es\/iesantonioalvarezlopez\/files\/2022\/11\/ErasmusDay1-300x176.jpg\" alt=\"\" width=\"300\" height=\"176\" srcset=\"https:\/\/blogsaverroes.juntadeandalucia.es\/iesantonioalvarezlopez\/files\/2022\/11\/ErasmusDay1-300x176.jpg 300w, https:\/\/blogsaverroes.juntadeandalucia.es\/iesantonioalvarezlopez\/files\/2022\/11\/ErasmusDay1-1024x600.jpg 1024w, https:\/\/blogsaverroes.juntadeandalucia.es\/iesantonioalvarezlopez\/files\/2022\/11\/ErasmusDay1-768x450.jpg 768w, https:\/\/blogsaverroes.juntadeandalucia.es\/iesantonioalvarezlopez\/files\/2022\/11\/ErasmusDay1.jpg 1088w\" sizes=\"(max-width: 300px) 100vw, 300px\" \/><\/a><\/p>\n<p><a href=\"https:\/\/blogsaverroes.juntadeandalucia.es\/iesantonioalvarezlopez\/files\/2022\/11\/ErasmusDay2.jpg\"><img loading=\"lazy\" decoding=\"async\" class=\"aligncenter wp-image-6448 size-medium\" src=\"https:\/\/blogsaverroes.juntadeandalucia.es\/iesantonioalvarezlopez\/files\/2022\/11\/ErasmusDay2-225x300.jpg\" alt=\"\" width=\"225\" height=\"300\" srcset=\"https:\/\/blogsaverroes.juntadeandalucia.es\/iesantonioalvarezlopez\/files\/2022\/11\/ErasmusDay2-225x300.jpg 225w, https:\/\/blogsaverroes.juntadeandalucia.es\/iesantonioalvarezlopez\/files\/2022\/11\/ErasmusDay2-768x1024.jpg 768w, https:\/\/blogsaverroes.juntadeandalucia.es\/iesantonioalvarezlopez\/files\/2022\/11\/ErasmusDay2-1152x1536.jpg 1152w, https:\/\/blogsaverroes.juntadeandalucia.es\/iesantonioalvarezlopez\/files\/2022\/11\/ErasmusDay2.jpg 1200w\" sizes=\"(max-width: 225px) 100vw, 225px\" \/><\/a><\/p>\n<p><a href=\"https:\/\/blogsaverroes.juntadeandalucia.es\/iesantonioalvarezlopez\/files\/2022\/11\/ErasmusDay3.jpg\"><img loading=\"lazy\" decoding=\"async\" class=\"wp-image-6449 size-medium aligncenter\" src=\"https:\/\/blogsaverroes.juntadeandalucia.es\/iesantonioalvarezlopez\/files\/2022\/11\/ErasmusDay3-300x181.jpg\" alt=\"\" width=\"300\" height=\"181\" srcset=\"https:\/\/blogsaverroes.juntadeandalucia.es\/iesantonioalvarezlopez\/files\/2022\/11\/ErasmusDay3-300x181.jpg 300w, https:\/\/blogsaverroes.juntadeandalucia.es\/iesantonioalvarezlopez\/files\/2022\/11\/ErasmusDay3-768x463.jpg 768w, https:\/\/blogsaverroes.juntadeandalucia.es\/iesantonioalvarezlopez\/files\/2022\/11\/ErasmusDay3.jpg 955w\" sizes=\"(max-width: 300px) 100vw, 300px\" \/><\/a><\/p>\n<p><span style=\"font-weight: 400\">Los alumnos de PMAR y Diversificaci\u00f3n conocieron m\u00e1s sobre Europa realizando un proyecto sobre sus naciones y banderas.<\/span><\/p>\n<p><a href=\"https:\/\/blogsaverroes.juntadeandalucia.es\/iesantonioalvarezlopez\/files\/2022\/11\/ErasmusDay4-scaled.jpg\"><img loading=\"lazy\" decoding=\"async\" class=\"wp-image-6451 size-medium aligncenter\" src=\"https:\/\/blogsaverroes.juntadeandalucia.es\/iesantonioalvarezlopez\/files\/2022\/11\/ErasmusDay4-300x225.jpg\" alt=\"\" width=\"300\" height=\"225\" srcset=\"https:\/\/blogsaverroes.juntadeandalucia.es\/iesantonioalvarezlopez\/files\/2022\/11\/ErasmusDay4-300x225.jpg 300w, https:\/\/blogsaverroes.juntadeandalucia.es\/iesantonioalvarezlopez\/files\/2022\/11\/ErasmusDay4-1024x767.jpg 1024w, https:\/\/blogsaverroes.juntadeandalucia.es\/iesantonioalvarezlopez\/files\/2022\/11\/ErasmusDay4-768x575.jpg 768w, https:\/\/blogsaverroes.juntadeandalucia.es\/iesantonioalvarezlopez\/files\/2022\/11\/ErasmusDay4-1536x1150.jpg 1536w, https:\/\/blogsaverroes.juntadeandalucia.es\/iesantonioalvarezlopez\/files\/2022\/11\/ErasmusDay4-2048x1533.jpg 2048w\" sizes=\"(max-width: 300px) 100vw, 300px\" \/><\/a><\/p>\n<p><span style=\"font-weight: 400\">Adem\u00e1s, hemos recibido cartas de nuestros socios de Francia (3\u00ba ESO)&nbsp; y Alemania (2\u00ba ESO).<\/span><\/p>\n<p><a href=\"https:\/\/blogsaverroes.juntadeandalucia.es\/iesantonioalvarezlopez\/files\/2022\/11\/cartas-Alemania-scaled.jpeg\"><img loading=\"lazy\" decoding=\"async\" class=\"wp-image-6455 size-medium aligncenter\" src=\"https:\/\/blogsaverroes.juntadeandalucia.es\/iesantonioalvarezlopez\/files\/2022\/11\/cartas-Alemania-300x187.jpeg\" alt=\"\" width=\"300\" height=\"187\" srcset=\"https:\/\/blogsaverroes.juntadeandalucia.es\/iesantonioalvarezlopez\/files\/2022\/11\/cartas-Alemania-300x187.jpeg 300w, https:\/\/blogsaverroes.juntadeandalucia.es\/iesantonioalvarezlopez\/files\/2022\/11\/cartas-Alemania-1024x637.jpeg 1024w, https:\/\/blogsaverroes.juntadeandalucia.es\/iesantonioalvarezlopez\/files\/2022\/11\/cartas-Alemania-768x478.jpeg 768w, https:\/\/blogsaverroes.juntadeandalucia.es\/iesantonioalvarezlopez\/files\/2022\/11\/cartas-Alemania-1536x955.jpeg 1536w, https:\/\/blogsaverroes.juntadeandalucia.es\/iesantonioalvarezlopez\/files\/2022\/11\/cartas-Alemania-2048x1273.jpeg 2048w\" sizes=\"(max-width: 300px) 100vw, 300px\" \/><\/a><\/p>\n<p><a href=\"https:\/\/blogsaverroes.juntadeandalucia.es\/iesantonioalvarezlopez\/files\/2022\/11\/cartas-Francia1.jpg\"><img loading=\"lazy\" decoding=\"async\" class=\"wp-image-6453 size-medium aligncenter\" src=\"https:\/\/blogsaverroes.juntadeandalucia.es\/iesantonioalvarezlopez\/files\/2022\/11\/cartas-Francia1-300x225.jpg\" alt=\"\" width=\"300\" height=\"225\" srcset=\"https:\/\/blogsaverroes.juntadeandalucia.es\/iesantonioalvarezlopez\/files\/2022\/11\/cartas-Francia1-300x225.jpg 300w, https:\/\/blogsaverroes.juntadeandalucia.es\/iesantonioalvarezlopez\/files\/2022\/11\/cartas-Francia1-1024x768.jpg 1024w, https:\/\/blogsaverroes.juntadeandalucia.es\/iesantonioalvarezlopez\/files\/2022\/11\/cartas-Francia1-768x576.jpg 768w, https:\/\/blogsaverroes.juntadeandalucia.es\/iesantonioalvarezlopez\/files\/2022\/11\/cartas-Francia1-1536x1152.jpg 1536w, https:\/\/blogsaverroes.juntadeandalucia.es\/iesantonioalvarezlopez\/files\/2022\/11\/cartas-Francia1.jpg 1600w\" sizes=\"(max-width: 300px) 100vw, 300px\" \/><\/a><\/p>\n<p><a href=\"https:\/\/blogsaverroes.juntadeandalucia.es\/iesantonioalvarezlopez\/files\/2022\/11\/cartas-Francia2.jpg\"><img loading=\"lazy\" decoding=\"async\" class=\"wp-image-6452 size-medium aligncenter\" src=\"https:\/\/blogsaverroes.juntadeandalucia.es\/iesantonioalvarezlopez\/files\/2022\/11\/cartas-Francia2-300x189.jpg\" alt=\"\" width=\"300\" height=\"189\" srcset=\"https:\/\/blogsaverroes.juntadeandalucia.es\/iesantonioalvarezlopez\/files\/2022\/11\/cartas-Francia2-300x189.jpg 300w, https:\/\/blogsaverroes.juntadeandalucia.es\/iesantonioalvarezlopez\/files\/2022\/11\/cartas-Francia2-1024x646.jpg 1024w, https:\/\/blogsaverroes.juntadeandalucia.es\/iesantonioalvarezlopez\/files\/2022\/11\/cartas-Francia2-768x484.jpg 768w, https:\/\/blogsaverroes.juntadeandalucia.es\/iesantonioalvarezlopez\/files\/2022\/11\/cartas-Francia2-1536x969.jpg 1536w, https:\/\/blogsaverroes.juntadeandalucia.es\/iesantonioalvarezlopez\/files\/2022\/11\/cartas-Francia2.jpg 1600w\" sizes=\"(max-width: 300px) 100vw, 300px\" \/><\/a><\/p>\n<p><span style=\"font-weight: 400\">Y nuestro alumnado de 1\u00ba Bachillerato ya ha enviado las suyas a Italia.<\/span><\/p>\n<p><a href=\"https:\/\/blogsaverroes.juntadeandalucia.es\/iesantonioalvarezlopez\/files\/2022\/11\/cartas-Italia-scaled.jpg\"><img loading=\"lazy\" decoding=\"async\" class=\"wp-image-6454 size-medium aligncenter\" src=\"https:\/\/blogsaverroes.juntadeandalucia.es\/iesantonioalvarezlopez\/files\/2022\/11\/cartas-Italia-300x198.jpg\" alt=\"\" width=\"300\" height=\"198\" srcset=\"https:\/\/blogsaverroes.juntadeandalucia.es\/iesantonioalvarezlopez\/files\/2022\/11\/cartas-Italia-300x198.jpg 300w, https:\/\/blogsaverroes.juntadeandalucia.es\/iesantonioalvarezlopez\/files\/2022\/11\/cartas-Italia-1024x676.jpg 1024w, https:\/\/blogsaverroes.juntadeandalucia.es\/iesantonioalvarezlopez\/files\/2022\/11\/cartas-Italia-768x507.jpg 768w, https:\/\/blogsaverroes.juntadeandalucia.es\/iesantonioalvarezlopez\/files\/2022\/11\/cartas-Italia-1536x1014.jpg 1536w, https:\/\/blogsaverroes.juntadeandalucia.es\/iesantonioalvarezlopez\/files\/2022\/11\/cartas-Italia-2048x1352.jpg 2048w\" sizes=\"(max-width: 300px) 100vw, 300px\" \/><\/a><\/p>\n","protected":false},"excerpt":{"rendered":"<p>Seguimos participando en el programa Erasmus+. Los alumnos de 4\u00ba ESO aprendieron sobre Erasmus+ y la Uni\u00f3n Europea gracias a las actividades online del Erasmus Day. Los alumnos de PMAR y Diversificaci\u00f3n conocieron m\u00e1s&#46;&#46;&#46;<\/p>\n","protected":false},"author":10111,"featured_media":6453,"comment_status":"closed","ping_status":"closed","sticky":false,"template":"","format":"standard","meta":{"ngg_post_thumbnail":0,"footnotes":""},"categories":[35],"tags":[],"aioseo_notices":[],"_links":{"self":[{"href":"https:\/\/blogsaverroes.juntadeandalucia.es\/iesantonioalvarezlopez\/wp-json\/wp\/v2\/posts\/6446"}],"collection":[{"href":"https:\/\/blogsaverroes.juntadeandalucia.es\/iesantonioalvarezlopez\/wp-json\/wp\/v2\/posts"}],"about":[{"href":"https:\/\/blogsaverroes.juntadeandalucia.es\/iesantonioalvarezlopez\/wp-json\/wp\/v2\/types\/post"}],"author":[{"embeddable":true,"href":"https:\/\/blogsaverroes.juntadeandalucia.es\/iesantonioalvarezlopez\/wp-json\/wp\/v2\/users\/10111"}],"replies":[{"embeddable":true,"href":"https:\/\/blogsaverroes.juntadeandalucia.es\/iesantonioalvarezlopez\/wp-json\/wp\/v2\/comments?post=6446"}],"version-history":[{"count":3,"href":"https:\/\/blogsaverroes.juntadeandalucia.es\/iesantonioalvarezlopez\/wp-json\/wp\/v2\/posts\/6446\/revisions"}],"predecessor-version":[{"id":6458,"href":"https:\/\/blogsaverroes.juntadeandalucia.es\/iesantonioalvarezlopez\/wp-json\/wp\/v2\/posts\/6446\/revisions\/6458"}],"wp:featuredmedia":[{"embeddable":true,"href":"https:\/\/blogsaverroes.juntadeandalucia.es\/iesantonioalvarezlopez\/wp-json\/wp\/v2\/media\/6453"}],"wp:attachment":[{"href":"https:\/\/blogsaverroes.juntadeandalucia.es\/iesantonioalvarezlopez\/wp-json\/wp\/v2\/media?parent=6446"}],"wp:term":[{"taxonomy":"category","embeddable":true,"href":"https:\/\/blogsaverroes.juntadeandalucia.es\/iesantonioalvarezlopez\/wp-json\/wp\/v2\/categories?post=6446"},{"taxonomy":"post_tag","embeddable":true,"href":"https:\/\/blogsaverroes.juntadeandalucia.es\/iesantonioalvarezlopez\/wp-json\/wp\/v2\/tags?post=6446"}],"curies":[{"name":"wp","href":"https:\/\/api.w.org\/{rel}","templated":true}]}}