{"id":7781,"date":"2023-09-26T20:07:19","date_gmt":"2023-09-26T18:07:19","guid":{"rendered":"https:\/\/blogsaverroes.juntadeandalucia.es\/iesantonioalvarezlopez\/?p=7781"},"modified":"2023-09-26T20:07:19","modified_gmt":"2023-09-26T18:07:19","slug":"dia-europeo-de-las-lenguas-26-de-septiembre","status":"publish","type":"post","link":"https:\/\/blogsaverroes.juntadeandalucia.es\/iesantonioalvarezlopez\/dia-europeo-de-las-lenguas-26-de-septiembre\/","title":{"rendered":"D\u00eda Europeo de las Lenguas &#8211; 26 de septiembre"},"content":{"rendered":"<div>Cada a\u00f1o, desde 2001, el d\u00eda europeo de las lenguas (EDL por sus siglas en ingl\u00e9s) celebra la riqueza de las lenguas que coexisten en Europa y el resto del mundo. S\u00f3lo en Europa hay m\u00e1s de 225 lenguas aut\u00f3ctonas, sin contar las que han llegado al continente a trav\u00e9s de la inmigraci\u00f3n.<\/div>\n<div>Nuestro centro ha estado participando en el proyecto&nbsp;<b><i><u>European Day of Languages 2023<\/u><\/i><\/b>&nbsp;con escuelas e institutos&nbsp;de Eslovenia, Albania, Portugal, Polonia, Italia, Alemania y Grecia entre otros, trabajando sobre las diferentes lenguas que se hablan en nuestros colegios, localidades y pa\u00edses. Todo esto ha sido plasmado en carteles realizados por el alumnado. Todos los participantes votar\u00e1n para escoger el mejor cartel representativo del proyecto. Nuestros carteles participantes pueden verse por los pasillos del centro.<\/div>\n<div>\u00a1Las lenguas&nbsp;nos abren nuevos horizontes!<\/div>\n<div>ngg_shortcode_0_placeholder<\/div>\n","protected":false},"excerpt":{"rendered":"<p>Cada a\u00f1o, desde 2001, el d\u00eda europeo de las lenguas (EDL por sus siglas en ingl\u00e9s) celebra la riqueza de las lenguas que coexisten en Europa y el resto del mundo. S\u00f3lo en Europa&#46;&#46;&#46;<\/p>\n","protected":false},"author":10111,"featured_media":7806,"comment_status":"closed","ping_status":"closed","sticky":false,"template":"","format":"standard","meta":{"ngg_post_thumbnail":0,"footnotes":""},"categories":[35],"tags":[],"aioseo_notices":[],"_links":{"self":[{"href":"https:\/\/blogsaverroes.juntadeandalucia.es\/iesantonioalvarezlopez\/wp-json\/wp\/v2\/posts\/7781"}],"collection":[{"href":"https:\/\/blogsaverroes.juntadeandalucia.es\/iesantonioalvarezlopez\/wp-json\/wp\/v2\/posts"}],"about":[{"href":"https:\/\/blogsaverroes.juntadeandalucia.es\/iesantonioalvarezlopez\/wp-json\/wp\/v2\/types\/post"}],"author":[{"embeddable":true,"href":"https:\/\/blogsaverroes.juntadeandalucia.es\/iesantonioalvarezlopez\/wp-json\/wp\/v2\/users\/10111"}],"replies":[{"embeddable":true,"href":"https:\/\/blogsaverroes.juntadeandalucia.es\/iesantonioalvarezlopez\/wp-json\/wp\/v2\/comments?post=7781"}],"version-history":[{"count":1,"href":"https:\/\/blogsaverroes.juntadeandalucia.es\/iesantonioalvarezlopez\/wp-json\/wp\/v2\/posts\/7781\/revisions"}],"predecessor-version":[{"id":7807,"href":"https:\/\/blogsaverroes.juntadeandalucia.es\/iesantonioalvarezlopez\/wp-json\/wp\/v2\/posts\/7781\/revisions\/7807"}],"wp:featuredmedia":[{"embeddable":true,"href":"https:\/\/blogsaverroes.juntadeandalucia.es\/iesantonioalvarezlopez\/wp-json\/wp\/v2\/media\/7806"}],"wp:attachment":[{"href":"https:\/\/blogsaverroes.juntadeandalucia.es\/iesantonioalvarezlopez\/wp-json\/wp\/v2\/media?parent=7781"}],"wp:term":[{"taxonomy":"category","embeddable":true,"href":"https:\/\/blogsaverroes.juntadeandalucia.es\/iesantonioalvarezlopez\/wp-json\/wp\/v2\/categories?post=7781"},{"taxonomy":"post_tag","embeddable":true,"href":"https:\/\/blogsaverroes.juntadeandalucia.es\/iesantonioalvarezlopez\/wp-json\/wp\/v2\/tags?post=7781"}],"curies":[{"name":"wp","href":"https:\/\/api.w.org\/{rel}","templated":true}]}}