{"id":9309,"date":"2024-06-19T17:33:14","date_gmt":"2024-06-19T15:33:14","guid":{"rendered":"https:\/\/blogsaverroes.juntadeandalucia.es\/iesantonioalvarezlopez\/?p=9309"},"modified":"2024-06-19T17:33:14","modified_gmt":"2024-06-19T15:33:14","slug":"lets-try-something-new-2","status":"publish","type":"post","link":"https:\/\/blogsaverroes.juntadeandalucia.es\/iesantonioalvarezlopez\/lets-try-something-new-2\/","title":{"rendered":"Let&#8217;s Try Something New!"},"content":{"rendered":"<div><span lang=\"es\">LET\u2019S TRY SOMETHING NEW! es el t\u00edtulo del proyecto Erasmus+&nbsp;<\/span>KA122&nbsp;que finaliza ahora en nuestro&nbsp;centro, al igual que este curso escolar. En este nuestro segundo proyecto el profesorado ha continuado form\u00e1ndose en diferentes pa\u00edses europeos y nuestro alumnado ha realizado intercambios con Italia (Sicilia, 1\u00ba de Bachillerato) y Alemania (Nordenham, 3\u00ba ESO). Se han celebrado tambi\u00e9n el D\u00eda de las Lenguas Europeas, los D\u00edas Erasmus y el D\u00eda de Europa. Mientras recordamos todas las actividades que hemos realizado en el centro en estos dos&nbsp;a\u00f1os y esperamos la resoluci\u00f3n del nuevo proyecto solicitado, os dejamos con la \u00faltima actividad que se ha hecho.<\/div>\n<div>&nbsp;<\/div>\n<div>El d\u00eda 9 de mayo celebramos en nuestro centro el D\u00eda de Europa dentro del programa Erasmus+. D\u00edas antes estuvimos trabajando en clase con nuestros alumnos de 2\u00ba ESO A el concepto de Europa, cu\u00e1ndo se cre\u00f3 y los pa\u00edses que la componen, diferenci\u00e1ndola de lo que denominamos Uni\u00f3n Europea. Fue una actividad muy gratificante para nuestros alumnos donde adquirieron conocimientos nuevos relativos a nuestro continente.<\/div>\n<div>ngg_shortcode_0_placeholder<\/div>\n<p>&nbsp;<\/p>\n","protected":false},"excerpt":{"rendered":"<p>LET\u2019S TRY SOMETHING NEW! es el t\u00edtulo del proyecto Erasmus+&nbsp;KA122&nbsp;que finaliza ahora en nuestro&nbsp;centro, al igual que este curso escolar. En este nuestro segundo proyecto el profesorado ha continuado form\u00e1ndose en diferentes pa\u00edses europeos&#46;&#46;&#46;<\/p>\n","protected":false},"author":10111,"featured_media":9319,"comment_status":"closed","ping_status":"closed","sticky":false,"template":"","format":"standard","meta":{"ngg_post_thumbnail":0,"footnotes":""},"categories":[35],"tags":[],"aioseo_notices":[],"_links":{"self":[{"href":"https:\/\/blogsaverroes.juntadeandalucia.es\/iesantonioalvarezlopez\/wp-json\/wp\/v2\/posts\/9309"}],"collection":[{"href":"https:\/\/blogsaverroes.juntadeandalucia.es\/iesantonioalvarezlopez\/wp-json\/wp\/v2\/posts"}],"about":[{"href":"https:\/\/blogsaverroes.juntadeandalucia.es\/iesantonioalvarezlopez\/wp-json\/wp\/v2\/types\/post"}],"author":[{"embeddable":true,"href":"https:\/\/blogsaverroes.juntadeandalucia.es\/iesantonioalvarezlopez\/wp-json\/wp\/v2\/users\/10111"}],"replies":[{"embeddable":true,"href":"https:\/\/blogsaverroes.juntadeandalucia.es\/iesantonioalvarezlopez\/wp-json\/wp\/v2\/comments?post=9309"}],"version-history":[{"count":1,"href":"https:\/\/blogsaverroes.juntadeandalucia.es\/iesantonioalvarezlopez\/wp-json\/wp\/v2\/posts\/9309\/revisions"}],"predecessor-version":[{"id":9320,"href":"https:\/\/blogsaverroes.juntadeandalucia.es\/iesantonioalvarezlopez\/wp-json\/wp\/v2\/posts\/9309\/revisions\/9320"}],"wp:featuredmedia":[{"embeddable":true,"href":"https:\/\/blogsaverroes.juntadeandalucia.es\/iesantonioalvarezlopez\/wp-json\/wp\/v2\/media\/9319"}],"wp:attachment":[{"href":"https:\/\/blogsaverroes.juntadeandalucia.es\/iesantonioalvarezlopez\/wp-json\/wp\/v2\/media?parent=9309"}],"wp:term":[{"taxonomy":"category","embeddable":true,"href":"https:\/\/blogsaverroes.juntadeandalucia.es\/iesantonioalvarezlopez\/wp-json\/wp\/v2\/categories?post=9309"},{"taxonomy":"post_tag","embeddable":true,"href":"https:\/\/blogsaverroes.juntadeandalucia.es\/iesantonioalvarezlopez\/wp-json\/wp\/v2\/tags?post=9309"}],"curies":[{"name":"wp","href":"https:\/\/api.w.org\/{rel}","templated":true}]}}