{"id":2065,"date":"2025-07-01T00:33:41","date_gmt":"2025-06-30T23:33:41","guid":{"rendered":"https:\/\/blogsaverroes.juntadeandalucia.es\/iesantoniodominguezortiz\/?p=2065"},"modified":"2025-07-01T00:33:41","modified_gmt":"2025-06-30T23:33:41","slug":"dia-de-pi","status":"publish","type":"post","link":"https:\/\/blogsaverroes.juntadeandalucia.es\/iesantoniodominguezortiz\/dia-de-pi\/","title":{"rendered":"D\u00eda de Pi"},"content":{"rendered":"<p>Celebramos el d\u00eda de PI en el IES Antonio Dom\u00ednguez Ortiz para homenajear y promover las matem\u00e1ticas. La celebraci\u00f3n parte en 1988 por Larry Shaw, y elige este <span class=\"il\">d\u00eda<\/span> ya que la notaci\u00f3n anglosajona es 3\/14. Adem\u00e1s, coincide este <span class=\"il\">d\u00eda<\/span> con el nacimiento de Albert Einstein.<\/p>\n\n\t\t<style type=\"text\/css\">\n\t\t\t#gallery-1 {\n\t\t\t\tmargin: auto;\n\t\t\t}\n\t\t\t#gallery-1 .gallery-item {\n\t\t\t\tfloat: left;\n\t\t\t\tmargin-top: 10px;\n\t\t\t\ttext-align: center;\n\t\t\t\twidth: 33%;\n\t\t\t}\n\t\t\t#gallery-1 img {\n\t\t\t\tborder: 2px solid #cfcfcf;\n\t\t\t}\n\t\t\t#gallery-1 .gallery-caption {\n\t\t\t\tmargin-left: 0;\n\t\t\t}\n\t\t\t\/* see gallery_shortcode() in wp-includes\/media.php *\/\n\t\t<\/style>\n\t\t<div id='gallery-1' class='gallery galleryid-2065 gallery-columns-3 gallery-size-thumbnail'><dl class='gallery-item'>\n\t\t\t<dt class='gallery-icon portrait'>\n\t\t\t\t<a href='https:\/\/blogsaverroes.juntadeandalucia.es\/iesantoniodominguezortiz\/dia-de-pi\/cartel-vertical-numero-pi\/'><img loading=\"lazy\" decoding=\"async\" width=\"150\" height=\"150\" src=\"https:\/\/blogsaverroes.juntadeandalucia.es\/iesantoniodominguezortiz\/files\/2025\/07\/Cartel-Vertical-numero-PI-150x150.png\" class=\"attachment-thumbnail size-thumbnail\" alt=\"\" \/><\/a>\n\t\t\t<\/dt><\/dl><dl class='gallery-item'>\n\t\t\t<dt class='gallery-icon landscape'>\n\t\t\t\t<a href='https:\/\/blogsaverroes.juntadeandalucia.es\/iesantoniodominguezortiz\/dia-de-pi\/captura-de-pantalla-2025-07-01-a-las-1-25-19\/'><img loading=\"lazy\" decoding=\"async\" width=\"150\" height=\"150\" src=\"https:\/\/blogsaverroes.juntadeandalucia.es\/iesantoniodominguezortiz\/files\/2025\/07\/Captura-de-pantalla-2025-07-01-a-las-1.25.19-150x150.png\" class=\"attachment-thumbnail size-thumbnail\" alt=\"\" \/><\/a>\n\t\t\t<\/dt><\/dl><dl class='gallery-item'>\n\t\t\t<dt class='gallery-icon landscape'>\n\t\t\t\t<a href='https:\/\/blogsaverroes.juntadeandalucia.es\/iesantoniodominguezortiz\/dia-de-pi\/captura-de-pantalla-2025-07-01-a-las-1-26-53\/'><img loading=\"lazy\" decoding=\"async\" width=\"150\" height=\"150\" src=\"https:\/\/blogsaverroes.juntadeandalucia.es\/iesantoniodominguezortiz\/files\/2025\/07\/Captura-de-pantalla-2025-07-01-a-las-1.26.53-150x150.png\" class=\"attachment-thumbnail size-thumbnail\" alt=\"\" \/><\/a>\n\t\t\t<\/dt><\/dl><br style=\"clear: both\" \/><dl class='gallery-item'>\n\t\t\t<dt class='gallery-icon landscape'>\n\t\t\t\t<a href='https:\/\/blogsaverroes.juntadeandalucia.es\/iesantoniodominguezortiz\/dia-de-pi\/captura-de-pantalla-2025-07-01-a-las-1-27-09\/'><img loading=\"lazy\" decoding=\"async\" width=\"150\" height=\"150\" src=\"https:\/\/blogsaverroes.juntadeandalucia.es\/iesantoniodominguezortiz\/files\/2025\/07\/Captura-de-pantalla-2025-07-01-a-las-1.27.09-150x150.png\" class=\"attachment-thumbnail size-thumbnail\" alt=\"\" \/><\/a>\n\t\t\t<\/dt><\/dl><dl class='gallery-item'>\n\t\t\t<dt class='gallery-icon landscape'>\n\t\t\t\t<a href='https:\/\/blogsaverroes.juntadeandalucia.es\/iesantoniodominguezortiz\/dia-de-pi\/captura-de-pantalla-2025-07-01-a-las-1-27-23\/'><img loading=\"lazy\" decoding=\"async\" width=\"150\" height=\"150\" src=\"https:\/\/blogsaverroes.juntadeandalucia.es\/iesantoniodominguezortiz\/files\/2025\/07\/Captura-de-pantalla-2025-07-01-a-las-1.27.23-150x150.png\" class=\"attachment-thumbnail size-thumbnail\" alt=\"\" \/><\/a>\n\t\t\t<\/dt><\/dl><dl class='gallery-item'>\n\t\t\t<dt class='gallery-icon portrait'>\n\t\t\t\t<a href='https:\/\/blogsaverroes.juntadeandalucia.es\/iesantoniodominguezortiz\/dia-de-pi\/photo-2025-03-14-12-28-08\/'><img loading=\"lazy\" decoding=\"async\" width=\"150\" height=\"150\" src=\"https:\/\/blogsaverroes.juntadeandalucia.es\/iesantoniodominguezortiz\/files\/2025\/07\/PHOTO-2025-03-14-12-28-08-150x150.jpg\" class=\"attachment-thumbnail size-thumbnail\" alt=\"\" \/><\/a>\n\t\t\t<\/dt><\/dl><br style=\"clear: both\" \/>\n\t\t<\/div>\n\n","protected":false},"excerpt":{"rendered":"<p>Celebramos el d\u00eda de PI en el IES Antonio Dom\u00ednguez Ortiz para homenajear y promover las matem\u00e1ticas. La celebraci\u00f3n parte en 1988 por Larry Shaw, y elige este d\u00eda ya que la notaci\u00f3n anglosajona es 3\/14. Adem\u00e1s, coincide este d\u00eda con el nacimiento de Albert Einstein.<\/p>\n","protected":false},"author":18772,"featured_media":0,"comment_status":"closed","ping_status":"open","sticky":false,"template":"","format":"standard","meta":{"_et_pb_use_builder":"","_et_pb_old_content":"","_et_gb_content_width":"","ngg_post_thumbnail":0,"footnotes":""},"categories":[12,22],"tags":[],"aioseo_notices":[],"_links":{"self":[{"href":"https:\/\/blogsaverroes.juntadeandalucia.es\/iesantoniodominguezortiz\/wp-json\/wp\/v2\/posts\/2065"}],"collection":[{"href":"https:\/\/blogsaverroes.juntadeandalucia.es\/iesantoniodominguezortiz\/wp-json\/wp\/v2\/posts"}],"about":[{"href":"https:\/\/blogsaverroes.juntadeandalucia.es\/iesantoniodominguezortiz\/wp-json\/wp\/v2\/types\/post"}],"author":[{"embeddable":true,"href":"https:\/\/blogsaverroes.juntadeandalucia.es\/iesantoniodominguezortiz\/wp-json\/wp\/v2\/users\/18772"}],"replies":[{"embeddable":true,"href":"https:\/\/blogsaverroes.juntadeandalucia.es\/iesantoniodominguezortiz\/wp-json\/wp\/v2\/comments?post=2065"}],"version-history":[{"count":1,"href":"https:\/\/blogsaverroes.juntadeandalucia.es\/iesantoniodominguezortiz\/wp-json\/wp\/v2\/posts\/2065\/revisions"}],"predecessor-version":[{"id":2074,"href":"https:\/\/blogsaverroes.juntadeandalucia.es\/iesantoniodominguezortiz\/wp-json\/wp\/v2\/posts\/2065\/revisions\/2074"}],"wp:attachment":[{"href":"https:\/\/blogsaverroes.juntadeandalucia.es\/iesantoniodominguezortiz\/wp-json\/wp\/v2\/media?parent=2065"}],"wp:term":[{"taxonomy":"category","embeddable":true,"href":"https:\/\/blogsaverroes.juntadeandalucia.es\/iesantoniodominguezortiz\/wp-json\/wp\/v2\/categories?post=2065"},{"taxonomy":"post_tag","embeddable":true,"href":"https:\/\/blogsaverroes.juntadeandalucia.es\/iesantoniodominguezortiz\/wp-json\/wp\/v2\/tags?post=2065"}],"curies":[{"name":"wp","href":"https:\/\/api.w.org\/{rel}","templated":true}]}}