{"id":2351880,"count":0,"description":"Aula Temporal de Adaptaci\u00f3n Ling\u00fc\u00edstica","link":"https:\/\/blogsaverroes.juntadeandalucia.es\/iesarroyodelamiel\/category\/orientacion-educativa-oc\/atencion-a-la-diversidad-oe\/atal\/","name":"ATAL","slug":"atal","taxonomy":"category","parent":2351760,"meta":[],"_links":{"self":[{"href":"https:\/\/blogsaverroes.juntadeandalucia.es\/iesarroyodelamiel\/wp-json\/wp\/v2\/categories\/2351880"}],"collection":[{"href":"https:\/\/blogsaverroes.juntadeandalucia.es\/iesarroyodelamiel\/wp-json\/wp\/v2\/categories"}],"about":[{"href":"https:\/\/blogsaverroes.juntadeandalucia.es\/iesarroyodelamiel\/wp-json\/wp\/v2\/taxonomies\/category"}],"up":[{"embeddable":true,"href":"https:\/\/blogsaverroes.juntadeandalucia.es\/iesarroyodelamiel\/wp-json\/wp\/v2\/categories\/2351760"}],"wp:post_type":[{"href":"https:\/\/blogsaverroes.juntadeandalucia.es\/iesarroyodelamiel\/wp-json\/wp\/v2\/posts?categories=2351880"}],"curies":[{"name":"wp","href":"https:\/\/api.w.org\/{rel}","templated":true}]}}