{"id":1228,"date":"2013-04-17T16:21:36","date_gmt":"2013-04-17T14:21:36","guid":{"rendered":"http:\/\/www.iesarroyodelamiel.es\/?p=1228"},"modified":"2013-04-17T16:21:36","modified_gmt":"2013-04-17T14:21:36","slug":"presentacion-oe","status":"publish","type":"post","link":"https:\/\/blogsaverroes.juntadeandalucia.es\/iesarroyodelamiel\/presentacion-oe\/","title":{"rendered":"Presentaci\u00f3n OE"},"content":{"rendered":"<ul>\n<li><span style=\"line-height: 13px\">D\u00f1a. Bego\u00f1a de Jes\u00fas Gomez Gonz\u00e1lez (Orientadora)<\/span><\/li>\n<\/ul>\n<p>Pedagog\u00eda Terape\u00fatica<\/p>\n<ul>\n<li>D\u00f1a. M\u00aa Victoria Bem\u00fadez Granados<\/li>\n<li>D\u00f1a. M\u00aa Carmen Losada Berlanga<\/li>\n<li>D\u00f1a. Eloisa Fern\u00e1ndez Ruiz<\/li>\n<\/ul>\n","protected":false},"excerpt":{"rendered":"<p>D\u00f1a. Bego\u00f1a de Jes\u00fas Gomez Gonz\u00e1lez (Orientadora) Pedagog\u00eda Terape\u00fatica D\u00f1a. M\u00aa Victoria Bem\u00fadez Granados D\u00f1a. M\u00aa Carmen Losada Berlanga D\u00f1a. Eloisa Fern\u00e1ndez Ruiz<\/p>\n","protected":false},"author":10424,"featured_media":0,"comment_status":"closed","ping_status":"closed","sticky":false,"template":"","format":"standard","meta":{"ngg_post_thumbnail":0,"footnotes":""},"categories":[2351743],"tags":[],"aioseo_notices":[],"_links":{"self":[{"href":"https:\/\/blogsaverroes.juntadeandalucia.es\/iesarroyodelamiel\/wp-json\/wp\/v2\/posts\/1228"}],"collection":[{"href":"https:\/\/blogsaverroes.juntadeandalucia.es\/iesarroyodelamiel\/wp-json\/wp\/v2\/posts"}],"about":[{"href":"https:\/\/blogsaverroes.juntadeandalucia.es\/iesarroyodelamiel\/wp-json\/wp\/v2\/types\/post"}],"author":[{"embeddable":true,"href":"https:\/\/blogsaverroes.juntadeandalucia.es\/iesarroyodelamiel\/wp-json\/wp\/v2\/users\/10424"}],"replies":[{"embeddable":true,"href":"https:\/\/blogsaverroes.juntadeandalucia.es\/iesarroyodelamiel\/wp-json\/wp\/v2\/comments?post=1228"}],"version-history":[{"count":0,"href":"https:\/\/blogsaverroes.juntadeandalucia.es\/iesarroyodelamiel\/wp-json\/wp\/v2\/posts\/1228\/revisions"}],"wp:attachment":[{"href":"https:\/\/blogsaverroes.juntadeandalucia.es\/iesarroyodelamiel\/wp-json\/wp\/v2\/media?parent=1228"}],"wp:term":[{"taxonomy":"category","embeddable":true,"href":"https:\/\/blogsaverroes.juntadeandalucia.es\/iesarroyodelamiel\/wp-json\/wp\/v2\/categories?post=1228"},{"taxonomy":"post_tag","embeddable":true,"href":"https:\/\/blogsaverroes.juntadeandalucia.es\/iesarroyodelamiel\/wp-json\/wp\/v2\/tags?post=1228"}],"curies":[{"name":"wp","href":"https:\/\/api.w.org\/{rel}","templated":true}]}}