{"id":2767,"date":"2016-10-25T12:45:45","date_gmt":"2016-10-25T10:45:45","guid":{"rendered":"http:\/\/www.iesarroyodelamiel.es\/?p=2767"},"modified":"2016-10-25T12:45:45","modified_gmt":"2016-10-25T10:45:45","slug":"materiales-2o-eso-2","status":"publish","type":"post","link":"https:\/\/blogsaverroes.juntadeandalucia.es\/iesarroyodelamiel\/materiales-2o-eso-2\/","title":{"rendered":"Materiales 2\u00ba ESO"},"content":{"rendered":"<p>Hola chicos\/as, aqu\u00ed os dejo los apuntes de la primera evaluaci\u00f3n que se corresponden con el contenido de Condici\u00f3n F\u00edsica.<\/p>\n<p>La fecha de este examen la acordaremos entre todos y quedar\u00e1 aqu\u00ed publicada.<\/p>\n<p><a href=\"https:\/\/blogsaverroes.juntadeandalucia.es\/iesarroyodelamiel\/files\/2016\/10\/LAS-CUALIDADES-F\u00cdSICAS.2\u00baESO-1.pdf\">las-cualidades-fisicas-2oeso-1<\/a><\/p>\n","protected":false},"excerpt":{"rendered":"<p>Hola chicos\/as, aqu\u00ed os dejo los apuntes de la primera evaluaci\u00f3n que se corresponden con el contenido de Condici\u00f3n F\u00edsica. La fecha de este examen la acordaremos entre todos y quedar\u00e1 aqu\u00ed publicada. las-cualidades-fisicas-2oeso-1<\/p>\n","protected":false},"author":10424,"featured_media":0,"comment_status":"closed","ping_status":"closed","sticky":false,"template":"","format":"standard","meta":{"ngg_post_thumbnail":0,"footnotes":""},"categories":[2351888,2351831],"tags":[],"aioseo_notices":[],"_links":{"self":[{"href":"https:\/\/blogsaverroes.juntadeandalucia.es\/iesarroyodelamiel\/wp-json\/wp\/v2\/posts\/2767"}],"collection":[{"href":"https:\/\/blogsaverroes.juntadeandalucia.es\/iesarroyodelamiel\/wp-json\/wp\/v2\/posts"}],"about":[{"href":"https:\/\/blogsaverroes.juntadeandalucia.es\/iesarroyodelamiel\/wp-json\/wp\/v2\/types\/post"}],"author":[{"embeddable":true,"href":"https:\/\/blogsaverroes.juntadeandalucia.es\/iesarroyodelamiel\/wp-json\/wp\/v2\/users\/10424"}],"replies":[{"embeddable":true,"href":"https:\/\/blogsaverroes.juntadeandalucia.es\/iesarroyodelamiel\/wp-json\/wp\/v2\/comments?post=2767"}],"version-history":[{"count":0,"href":"https:\/\/blogsaverroes.juntadeandalucia.es\/iesarroyodelamiel\/wp-json\/wp\/v2\/posts\/2767\/revisions"}],"wp:attachment":[{"href":"https:\/\/blogsaverroes.juntadeandalucia.es\/iesarroyodelamiel\/wp-json\/wp\/v2\/media?parent=2767"}],"wp:term":[{"taxonomy":"category","embeddable":true,"href":"https:\/\/blogsaverroes.juntadeandalucia.es\/iesarroyodelamiel\/wp-json\/wp\/v2\/categories?post=2767"},{"taxonomy":"post_tag","embeddable":true,"href":"https:\/\/blogsaverroes.juntadeandalucia.es\/iesarroyodelamiel\/wp-json\/wp\/v2\/tags?post=2767"}],"curies":[{"name":"wp","href":"https:\/\/api.w.org\/{rel}","templated":true}]}}