{"id":2769,"date":"2016-10-25T12:46:52","date_gmt":"2016-10-25T10:46:52","guid":{"rendered":"http:\/\/www.iesarroyodelamiel.es\/?p=2769"},"modified":"2016-10-25T12:46:52","modified_gmt":"2016-10-25T10:46:52","slug":"materiales-4o-eso","status":"publish","type":"post","link":"https:\/\/blogsaverroes.juntadeandalucia.es\/iesarroyodelamiel\/materiales-4o-eso\/","title":{"rendered":"Materiales 4\u00ba ESO"},"content":{"rendered":"<p>Hola chicos\/as, aqu\u00ed os dejo los apuntes de la primera evaluaci\u00f3n que se corresponden con el contenido de Condici\u00f3n F\u00edsica.<\/p>\n<p>La fecha de este examen la acordaremos entre todos y quedar\u00e1 aqu\u00ed publicada.<\/p>\n<p><a href=\"https:\/\/blogsaverroes.juntadeandalucia.es\/iesarroyodelamiel\/files\/2016\/10\/Condici\u00f3n-F\u00edsica.-Las-Cualidades-B\u00e1sicas.-4\u00ba-ESO.doc\">condicion-fisica-las-cualidades-basicas-4o-eso<\/a><\/p>\n","protected":false},"excerpt":{"rendered":"<p>Hola chicos\/as, aqu\u00ed os dejo los apuntes de la primera evaluaci\u00f3n que se corresponden con el contenido de Condici\u00f3n F\u00edsica. La fecha de este examen la acordaremos entre todos y quedar\u00e1 aqu\u00ed publicada. condicion-fisica-las-cualidades-basicas-4o-eso<\/p>\n","protected":false},"author":10424,"featured_media":0,"comment_status":"closed","ping_status":"closed","sticky":false,"template":"","format":"standard","meta":{"ngg_post_thumbnail":0,"footnotes":""},"categories":[2351890,2351831],"tags":[],"aioseo_notices":[],"_links":{"self":[{"href":"https:\/\/blogsaverroes.juntadeandalucia.es\/iesarroyodelamiel\/wp-json\/wp\/v2\/posts\/2769"}],"collection":[{"href":"https:\/\/blogsaverroes.juntadeandalucia.es\/iesarroyodelamiel\/wp-json\/wp\/v2\/posts"}],"about":[{"href":"https:\/\/blogsaverroes.juntadeandalucia.es\/iesarroyodelamiel\/wp-json\/wp\/v2\/types\/post"}],"author":[{"embeddable":true,"href":"https:\/\/blogsaverroes.juntadeandalucia.es\/iesarroyodelamiel\/wp-json\/wp\/v2\/users\/10424"}],"replies":[{"embeddable":true,"href":"https:\/\/blogsaverroes.juntadeandalucia.es\/iesarroyodelamiel\/wp-json\/wp\/v2\/comments?post=2769"}],"version-history":[{"count":0,"href":"https:\/\/blogsaverroes.juntadeandalucia.es\/iesarroyodelamiel\/wp-json\/wp\/v2\/posts\/2769\/revisions"}],"wp:attachment":[{"href":"https:\/\/blogsaverroes.juntadeandalucia.es\/iesarroyodelamiel\/wp-json\/wp\/v2\/media?parent=2769"}],"wp:term":[{"taxonomy":"category","embeddable":true,"href":"https:\/\/blogsaverroes.juntadeandalucia.es\/iesarroyodelamiel\/wp-json\/wp\/v2\/categories?post=2769"},{"taxonomy":"post_tag","embeddable":true,"href":"https:\/\/blogsaverroes.juntadeandalucia.es\/iesarroyodelamiel\/wp-json\/wp\/v2\/tags?post=2769"}],"curies":[{"name":"wp","href":"https:\/\/api.w.org\/{rel}","templated":true}]}}