{"id":3486,"date":"2018-10-23T16:59:20","date_gmt":"2018-10-23T14:59:20","guid":{"rendered":"http:\/\/www.iesarroyodelamiel.es\/?p=3486"},"modified":"2018-10-23T16:59:20","modified_gmt":"2018-10-23T14:59:20","slug":"erasmus-curso-2018-2019","status":"publish","type":"post","link":"https:\/\/blogsaverroes.juntadeandalucia.es\/iesarroyodelamiel\/erasmus-curso-2018-2019\/","title":{"rendered":"Erasmus curso 2018\/2019"},"content":{"rendered":"<p>Durante el mes de octubre y hasta el pr\u00f3ximo 12 de noviembre se llevar\u00e1 a cabo el proceso selectivo para elegir al alumnado que participar\u00e1 en\u00a0 el\u00a0<b>Proyecto de Consorcio FCT-Erasmus+ XII 2018-1-ES01-KA103-047078\u00a0<\/b>del que forma parte el IES Arroyo de la Miel.<\/p>\n<p>El proceso selectivo se har\u00e1 teniendo en cuenta los siguientes criterios:<\/p>\n<ul>\n<li><span style=\"font-family: Liberation Serif\"><b>Requisitos acad\u00e9mico<\/b>s: todo el alumnado seleccionado deber\u00e1 estar en disposici\u00f3n de realizar el m\u00f3dulo de Formaci\u00f3n en Centros de Trabajo<\/span><span style=\"font-family: Liberation Serif\">\u00a0al momento de su salida.Para ello en el momento de la selecci\u00f3n deben tener aprobados todos los m\u00f3dulos te\u00f3ricos de primer curso. Adem\u00e1s se tendr\u00e1 en cuenta la responsabilidad, motivaci\u00f3n y\u00a0 trayectoria acad\u00e9mica mostrada durante\u00a0el curso anterior.<\/span><\/li>\n<\/ul>\n<ul>\n<li><span style=\"font-family: Liberation Serif\"><b>Criterios de idiomas<\/b>: el Departamento de Idiomas del centro realizar\u00e1 una prueba de comprensi\u00f3n y expresi\u00f3n oral en ingl\u00e9s dentro de los contenidos expresados en la tabla de autoevaluci\u00f3n de los Niveles Europeos del Marco Europeo de Referencia relativas\u00a0<b>al nivel B1.<\/b>\u00a0Esta prueba ha de realizarse incluso si tiene el nivel acreditado oficialmente.<br \/>\nLa prueba incluir\u00e1 un cuestionario con car\u00e1cter general para medir los intereses y motivaciones del alumnado al solicitar la plaza as\u00ed como con preguntas espec\u00edficas al ciclo formativo que est\u00e1 cursando, reproduciendo el modelo de una entrevista profesional.<br \/>\nEl Departamento de idiomas realizar\u00e1 un certificado\u00a0<u>individualizado<\/u>\u00a0sobre la competencia ling\u00fc\u00edstica de cada\u00a0 solicitante.\u00a0<\/span><\/li>\n<\/ul>\n<ul>\n<li><span style=\"font-family: Liberation Serif\"><b>Criterios de idoneidad<\/b>: el Departamento de Orientaci\u00f3n\u00a0 realizar\u00e1 entrevistas individualizadas a cada solicitante y emitir\u00e1 un certificado de idoneidad para la realizaci\u00f3n de la fase de pr\u00e1cticas en otros pa\u00edses de la Uni\u00f3n Europea. Las pruebas ser\u00e1n objetivas apoy\u00e1ndose en elementos como los cuestionarios de Afrontamiento de Lewis y Frydenberg, \u201cACS Escalas de Afrontamiento\u201d, \u201cTest de capacidad para adaptaci\u00f3n a cambios culturales\u201d, etc.<\/span><\/li>\n<\/ul>\n<ul>\n<li><span style=\"font-family: Liberation Serif\">En el caso de que participe alumnado extracomunitario, es imprescindible contar con el permiso de residencia en vigor durante todo el per\u00edodo de la estancia y confirmar el protocolo de visados necesarios de su pa\u00eds de origen y en el pa\u00eds de acogida.<\/span><\/li>\n<\/ul>\n<p>Para recibir m\u00e1s informaci\u00f3n sobre el proceso selectivo pueden dirigirse al <a href=\"https:\/\/ciclosuperiorgiat.wordpress.com\/?ref=spelling\">Departamento de Turismo<\/a> del centro.<\/p>\n","protected":false},"excerpt":{"rendered":"<p>Durante el mes de octubre y hasta el pr\u00f3ximo 12 de noviembre se llevar\u00e1 a cabo el proceso selectivo para elegir al alumnado que participar\u00e1 en\u00a0 el\u00a0Proyecto de Consorcio FCT-Erasmus+ XII 2018-1-ES01-KA103-047078\u00a0del que forma&#46;&#46;&#46;<\/p>\n","protected":false},"author":10424,"featured_media":0,"comment_status":"closed","ping_status":"closed","sticky":false,"template":"","format":"standard","meta":{"ngg_post_thumbnail":0,"footnotes":""},"categories":[2351814],"tags":[2351905],"aioseo_notices":[],"_links":{"self":[{"href":"https:\/\/blogsaverroes.juntadeandalucia.es\/iesarroyodelamiel\/wp-json\/wp\/v2\/posts\/3486"}],"collection":[{"href":"https:\/\/blogsaverroes.juntadeandalucia.es\/iesarroyodelamiel\/wp-json\/wp\/v2\/posts"}],"about":[{"href":"https:\/\/blogsaverroes.juntadeandalucia.es\/iesarroyodelamiel\/wp-json\/wp\/v2\/types\/post"}],"author":[{"embeddable":true,"href":"https:\/\/blogsaverroes.juntadeandalucia.es\/iesarroyodelamiel\/wp-json\/wp\/v2\/users\/10424"}],"replies":[{"embeddable":true,"href":"https:\/\/blogsaverroes.juntadeandalucia.es\/iesarroyodelamiel\/wp-json\/wp\/v2\/comments?post=3486"}],"version-history":[{"count":0,"href":"https:\/\/blogsaverroes.juntadeandalucia.es\/iesarroyodelamiel\/wp-json\/wp\/v2\/posts\/3486\/revisions"}],"wp:attachment":[{"href":"https:\/\/blogsaverroes.juntadeandalucia.es\/iesarroyodelamiel\/wp-json\/wp\/v2\/media?parent=3486"}],"wp:term":[{"taxonomy":"category","embeddable":true,"href":"https:\/\/blogsaverroes.juntadeandalucia.es\/iesarroyodelamiel\/wp-json\/wp\/v2\/categories?post=3486"},{"taxonomy":"post_tag","embeddable":true,"href":"https:\/\/blogsaverroes.juntadeandalucia.es\/iesarroyodelamiel\/wp-json\/wp\/v2\/tags?post=3486"}],"curies":[{"name":"wp","href":"https:\/\/api.w.org\/{rel}","templated":true}]}}