{"id":3509,"date":"2020-01-31T15:46:53","date_gmt":"2020-01-31T13:46:53","guid":{"rendered":"http:\/\/www.iesarroyodelamiel.es\/?p=3509"},"modified":"2020-01-31T15:46:53","modified_gmt":"2020-01-31T13:46:53","slug":"proyecto-comunica","status":"publish","type":"post","link":"https:\/\/blogsaverroes.juntadeandalucia.es\/iesarroyodelamiel\/proyecto-comunica\/","title":{"rendered":"Proyecto Comunica-DEBATE"},"content":{"rendered":"<p>Proyecto coordinado por Cayetana Avil\u00e9s.<\/p>\n<p>El profesorado participante durante el curso 19\/20 es el siguiente:<\/p>\n<ul>\n<li>Jonathan Andrades<\/li>\n<li>Cayetana Avil\u00e9s<\/li>\n<li>Arantxa Aramburu<\/li>\n<li>Encarnaci\u00f3n Cebolla<\/li>\n<li>Francisco D\u00edaz<\/li>\n<li>Nidia Fern\u00e1ndez<\/li>\n<li>Celia Garc\u00eda<\/li>\n<li>Alfredo Hernando<\/li>\n<li>Susana Herrada<\/li>\n<li>Esther Jim\u00e9nez<\/li>\n<li>Carmen Losada<\/li>\n<li>Remedios Mart\u00edn<\/li>\n<li>Yolanda Mart\u00ednez<\/li>\n<li>Francisco Merino<\/li>\n<li>Teresa Morillas<\/li>\n<li>M\u00aa Isabel Mu\u00f1oz<\/li>\n<li>Leonor Ortega<\/li>\n<li>Ezequiel P\u00e9rez<\/li>\n<li>Elena Rama<\/li>\n<li>Mario Rodr\u00edguez<\/li>\n<li>Diego C. Rosado<\/li>\n<li>Sandra Ruiz<\/li>\n<\/ul>\n<p>Adem\u00e1s, participa el alumnado que cursa Secundaria y Bachillerato.<\/p>\n<p>Y contaremos con la participaci\u00f3n de las familias, a trav\u00e9s del AMPA, en nuestro torneo.<\/p>\n","protected":false},"excerpt":{"rendered":"<p>Proyecto coordinado por Cayetana Avil\u00e9s. El profesorado participante durante el curso 19\/20 es el siguiente: Jonathan Andrades Cayetana Avil\u00e9s Arantxa Aramburu Encarnaci\u00f3n Cebolla Francisco D\u00edaz Nidia Fern\u00e1ndez Celia Garc\u00eda Alfredo Hernando Susana Herrada Esther&#46;&#46;&#46;<\/p>\n","protected":false},"author":10424,"featured_media":0,"comment_status":"closed","ping_status":"closed","sticky":false,"template":"","format":"standard","meta":{"ngg_post_thumbnail":0,"footnotes":""},"categories":[2351772],"tags":[2351903],"aioseo_notices":[],"_links":{"self":[{"href":"https:\/\/blogsaverroes.juntadeandalucia.es\/iesarroyodelamiel\/wp-json\/wp\/v2\/posts\/3509"}],"collection":[{"href":"https:\/\/blogsaverroes.juntadeandalucia.es\/iesarroyodelamiel\/wp-json\/wp\/v2\/posts"}],"about":[{"href":"https:\/\/blogsaverroes.juntadeandalucia.es\/iesarroyodelamiel\/wp-json\/wp\/v2\/types\/post"}],"author":[{"embeddable":true,"href":"https:\/\/blogsaverroes.juntadeandalucia.es\/iesarroyodelamiel\/wp-json\/wp\/v2\/users\/10424"}],"replies":[{"embeddable":true,"href":"https:\/\/blogsaverroes.juntadeandalucia.es\/iesarroyodelamiel\/wp-json\/wp\/v2\/comments?post=3509"}],"version-history":[{"count":0,"href":"https:\/\/blogsaverroes.juntadeandalucia.es\/iesarroyodelamiel\/wp-json\/wp\/v2\/posts\/3509\/revisions"}],"wp:attachment":[{"href":"https:\/\/blogsaverroes.juntadeandalucia.es\/iesarroyodelamiel\/wp-json\/wp\/v2\/media?parent=3509"}],"wp:term":[{"taxonomy":"category","embeddable":true,"href":"https:\/\/blogsaverroes.juntadeandalucia.es\/iesarroyodelamiel\/wp-json\/wp\/v2\/categories?post=3509"},{"taxonomy":"post_tag","embeddable":true,"href":"https:\/\/blogsaverroes.juntadeandalucia.es\/iesarroyodelamiel\/wp-json\/wp\/v2\/tags?post=3509"}],"curies":[{"name":"wp","href":"https:\/\/api.w.org\/{rel}","templated":true}]}}