{"id":4065,"date":"2020-02-03T20:45:24","date_gmt":"2020-02-03T18:45:24","guid":{"rendered":"http:\/\/www.iesarroyodelamiel.es\/?p=4065"},"modified":"2020-02-03T20:45:24","modified_gmt":"2020-02-03T18:45:24","slug":"materiales-para-debatir","status":"publish","type":"post","link":"https:\/\/blogsaverroes.juntadeandalucia.es\/iesarroyodelamiel\/materiales-para-debatir\/","title":{"rendered":"Materiales para debatir"},"content":{"rendered":"\n<h2 class=\"wp-block-heading\"><\/h2>\n\n\n\n<p>Para aprender a debatir estos materiales pueden ayudaros:<\/p>\n\n\n\n<p><\/p>\n\n\n\n<ul><li>MATERIALES PARA APRENDER A DEBATIR:<\/li><\/ul>\n\n\n\n<p><a href=\"https:\/\/blogsaverroes.juntadeandalucia.es\/iesarroyodelamiel\/files\/2018\/11\/VIDEOS_PARA_DEBATE.pdf\">VIDEOS_PARA_DEBATE<\/a><\/p>\n\n\n\n<p>Adem\u00e1s puedes ver los v\u00eddeos que ofrece C\u00e1novas Fundaci\u00f3n en su web:<a href=\"https:\/\/www.canovasfundacion.com\/debate\">https:\/\/www.canovasfundacion.com\/debate<\/a><\/p>\n\n\n\n<p>Los materiales de Alberto Corpas tambi\u00e9n pueden ayudarnos: <a href=\"https:\/\/sites.google.com\/clasedelengua.com\/debate-academico\/\">https:\/\/sites.google.com\/clasedelengua.com\/debate-academico\/<\/a><\/p>\n","protected":false},"excerpt":{"rendered":"<p>Para aprender a debatir estos materiales pueden ayudaros: MATERIALES PARA APRENDER A DEBATIR: VIDEOS_PARA_DEBATE Adem\u00e1s puedes ver los v\u00eddeos que ofrece C\u00e1novas Fundaci\u00f3n en su web:https:\/\/www.canovasfundacion.com\/debate Los materiales de Alberto Corpas tambi\u00e9n pueden ayudarnos:&#46;&#46;&#46;<\/p>\n","protected":false},"author":10424,"featured_media":0,"comment_status":"closed","ping_status":"closed","sticky":false,"template":"","format":"standard","meta":{"ngg_post_thumbnail":0,"footnotes":""},"categories":[2351772,2351653],"tags":[2351903],"aioseo_notices":[],"_links":{"self":[{"href":"https:\/\/blogsaverroes.juntadeandalucia.es\/iesarroyodelamiel\/wp-json\/wp\/v2\/posts\/4065"}],"collection":[{"href":"https:\/\/blogsaverroes.juntadeandalucia.es\/iesarroyodelamiel\/wp-json\/wp\/v2\/posts"}],"about":[{"href":"https:\/\/blogsaverroes.juntadeandalucia.es\/iesarroyodelamiel\/wp-json\/wp\/v2\/types\/post"}],"author":[{"embeddable":true,"href":"https:\/\/blogsaverroes.juntadeandalucia.es\/iesarroyodelamiel\/wp-json\/wp\/v2\/users\/10424"}],"replies":[{"embeddable":true,"href":"https:\/\/blogsaverroes.juntadeandalucia.es\/iesarroyodelamiel\/wp-json\/wp\/v2\/comments?post=4065"}],"version-history":[{"count":0,"href":"https:\/\/blogsaverroes.juntadeandalucia.es\/iesarroyodelamiel\/wp-json\/wp\/v2\/posts\/4065\/revisions"}],"wp:attachment":[{"href":"https:\/\/blogsaverroes.juntadeandalucia.es\/iesarroyodelamiel\/wp-json\/wp\/v2\/media?parent=4065"}],"wp:term":[{"taxonomy":"category","embeddable":true,"href":"https:\/\/blogsaverroes.juntadeandalucia.es\/iesarroyodelamiel\/wp-json\/wp\/v2\/categories?post=4065"},{"taxonomy":"post_tag","embeddable":true,"href":"https:\/\/blogsaverroes.juntadeandalucia.es\/iesarroyodelamiel\/wp-json\/wp\/v2\/tags?post=4065"}],"curies":[{"name":"wp","href":"https:\/\/api.w.org\/{rel}","templated":true}]}}