{"id":4231,"date":"2020-04-10T12:31:33","date_gmt":"2020-04-10T10:31:33","guid":{"rendered":"http:\/\/www.iesarroyodelamiel.es\/?p=4231"},"modified":"2020-04-10T12:31:33","modified_gmt":"2020-04-10T10:31:33","slug":"rincon-coeducativo-en-la-biblioteca","status":"publish","type":"post","link":"https:\/\/blogsaverroes.juntadeandalucia.es\/iesarroyodelamiel\/rincon-coeducativo-en-la-biblioteca\/","title":{"rendered":"Rinc\u00f3n coeducativo en la Biblioteca"},"content":{"rendered":"\n<p>Gracias a la aportaci\u00f3n econ\u00f3mica del Pacto de Estado contra la Violencia de G\u00e9nero, hemos podido adquirir bibliograf\u00eda para inaugurar un Rinc\u00f3n Coeducativo en la biblioteca del centro. Los alumnos podr\u00e1n coger prestados distintos libros de tem\u00e1ticas tan variadas como el feminismo, la educaci\u00f3n en valores o la diversidad cultural y familiar. Dentro del programa del Plan de Igualdad del Centro est\u00e1 previsto decorar este rinc\u00f3n con aportaciones del alumnado, que si es posible, se llevar\u00e1 a cabo coincidiendo con El D\u00eda del Libro.<\/p>\n\n\n\n<figure class=\"wp-block-image size-large\"><img decoding=\"async\" src=\"http:\/\/www.iesarroyodelamiel.es\/wp-content\/uploads\/2020\/04\/IMG_6677-768x1024.jpg\" alt=\"\" class=\"wp-image-4224\" \/><\/figure>\n","protected":false},"excerpt":{"rendered":"<p>Gracias a la aportaci\u00f3n econ\u00f3mica del Pacto de Estado contra la Violencia de G\u00e9nero, hemos podido adquirir bibliograf\u00eda para inaugurar un Rinc\u00f3n Coeducativo en la biblioteca del centro. Los alumnos podr\u00e1n coger prestados distintos&#46;&#46;&#46;<\/p>\n","protected":false},"author":10424,"featured_media":0,"comment_status":"closed","ping_status":"closed","sticky":false,"template":"","format":"standard","meta":{"ngg_post_thumbnail":0,"footnotes":""},"categories":[2351770],"tags":[],"aioseo_notices":[],"_links":{"self":[{"href":"https:\/\/blogsaverroes.juntadeandalucia.es\/iesarroyodelamiel\/wp-json\/wp\/v2\/posts\/4231"}],"collection":[{"href":"https:\/\/blogsaverroes.juntadeandalucia.es\/iesarroyodelamiel\/wp-json\/wp\/v2\/posts"}],"about":[{"href":"https:\/\/blogsaverroes.juntadeandalucia.es\/iesarroyodelamiel\/wp-json\/wp\/v2\/types\/post"}],"author":[{"embeddable":true,"href":"https:\/\/blogsaverroes.juntadeandalucia.es\/iesarroyodelamiel\/wp-json\/wp\/v2\/users\/10424"}],"replies":[{"embeddable":true,"href":"https:\/\/blogsaverroes.juntadeandalucia.es\/iesarroyodelamiel\/wp-json\/wp\/v2\/comments?post=4231"}],"version-history":[{"count":0,"href":"https:\/\/blogsaverroes.juntadeandalucia.es\/iesarroyodelamiel\/wp-json\/wp\/v2\/posts\/4231\/revisions"}],"wp:attachment":[{"href":"https:\/\/blogsaverroes.juntadeandalucia.es\/iesarroyodelamiel\/wp-json\/wp\/v2\/media?parent=4231"}],"wp:term":[{"taxonomy":"category","embeddable":true,"href":"https:\/\/blogsaverroes.juntadeandalucia.es\/iesarroyodelamiel\/wp-json\/wp\/v2\/categories?post=4231"},{"taxonomy":"post_tag","embeddable":true,"href":"https:\/\/blogsaverroes.juntadeandalucia.es\/iesarroyodelamiel\/wp-json\/wp\/v2\/tags?post=4231"}],"curies":[{"name":"wp","href":"https:\/\/api.w.org\/{rel}","templated":true}]}}