{"id":4237,"date":"2020-04-10T12:31:04","date_gmt":"2020-04-10T10:31:04","guid":{"rendered":"http:\/\/www.iesarroyodelamiel.es\/?p=4237"},"modified":"2020-04-10T12:31:04","modified_gmt":"2020-04-10T10:31:04","slug":"taller-afectivo-sexual-para-los-alumnos-de-educacion-especial","status":"publish","type":"post","link":"https:\/\/blogsaverroes.juntadeandalucia.es\/iesarroyodelamiel\/taller-afectivo-sexual-para-los-alumnos-de-educacion-especial\/","title":{"rendered":"Taller afectivo-sexual para los alumnos de educaci\u00f3n especial"},"content":{"rendered":"\n<p>\nEl\npasado martes, 11 de febrero, los alumnos del Aula Espec\u00edfica y de\nEducaci\u00f3n Especial asistieron a una formaci\u00f3n en materia de\nsexualidad que se celebr\u00f3 en el IES Poetas Andaluces. Los contenidos\nfueron impartidos por Mercedes M\u00e1rquez, Orientadora Educativa del\nCOSJ (Centro de Orientaci\u00f3n Sexual para J\u00f3venes), en una sesi\u00f3n\nmuy participativa y adaptada a sus necesidades.<\/p>\n\n\n\n<p>\nSe\ntrataron aspectos interesantes tales como: Anatom\u00eda b\u00e1sica\nmasculina y femenina, vocabulario relacionado con la sexualidad y las\nrelaciones interpersonales, identificaci\u00f3n de zonas er\u00f3genas,\nsituaciones sociales para prevenir abusos y otros aspectos\nrelacionados con las relaciones interpersonales de cara a dotarles de\nherramientas para discernir entre lo que es y no es seguro para\nellos.<\/p>\n\n\n\n<p>\nPosteriormente,\nlas profesoras que asistimos tambi\u00e9n recibimos orientaciones y\nmateriales para trabajar con los alumnos estos aspectos.<\/p>\n","protected":false},"excerpt":{"rendered":"<p>El pasado martes, 11 de febrero, los alumnos del Aula Espec\u00edfica y de Educaci\u00f3n Especial asistieron a una formaci\u00f3n en materia de sexualidad que se celebr\u00f3 en el IES Poetas Andaluces. Los contenidos fueron&#46;&#46;&#46;<\/p>\n","protected":false},"author":10424,"featured_media":0,"comment_status":"closed","ping_status":"closed","sticky":false,"template":"","format":"standard","meta":{"ngg_post_thumbnail":0,"footnotes":""},"categories":[2351770],"tags":[],"aioseo_notices":[],"_links":{"self":[{"href":"https:\/\/blogsaverroes.juntadeandalucia.es\/iesarroyodelamiel\/wp-json\/wp\/v2\/posts\/4237"}],"collection":[{"href":"https:\/\/blogsaverroes.juntadeandalucia.es\/iesarroyodelamiel\/wp-json\/wp\/v2\/posts"}],"about":[{"href":"https:\/\/blogsaverroes.juntadeandalucia.es\/iesarroyodelamiel\/wp-json\/wp\/v2\/types\/post"}],"author":[{"embeddable":true,"href":"https:\/\/blogsaverroes.juntadeandalucia.es\/iesarroyodelamiel\/wp-json\/wp\/v2\/users\/10424"}],"replies":[{"embeddable":true,"href":"https:\/\/blogsaverroes.juntadeandalucia.es\/iesarroyodelamiel\/wp-json\/wp\/v2\/comments?post=4237"}],"version-history":[{"count":0,"href":"https:\/\/blogsaverroes.juntadeandalucia.es\/iesarroyodelamiel\/wp-json\/wp\/v2\/posts\/4237\/revisions"}],"wp:attachment":[{"href":"https:\/\/blogsaverroes.juntadeandalucia.es\/iesarroyodelamiel\/wp-json\/wp\/v2\/media?parent=4237"}],"wp:term":[{"taxonomy":"category","embeddable":true,"href":"https:\/\/blogsaverroes.juntadeandalucia.es\/iesarroyodelamiel\/wp-json\/wp\/v2\/categories?post=4237"},{"taxonomy":"post_tag","embeddable":true,"href":"https:\/\/blogsaverroes.juntadeandalucia.es\/iesarroyodelamiel\/wp-json\/wp\/v2\/tags?post=4237"}],"curies":[{"name":"wp","href":"https:\/\/api.w.org\/{rel}","templated":true}]}}