{"id":466,"date":"2013-03-07T11:41:42","date_gmt":"2013-03-07T11:41:42","guid":{"rendered":"http:\/\/www.iesarroyodelamiel.es\/?p=466"},"modified":"2013-03-07T11:41:42","modified_gmt":"2013-03-07T11:41:42","slug":"persentacion-bg","status":"publish","type":"post","link":"https:\/\/blogsaverroes.juntadeandalucia.es\/iesarroyodelamiel\/persentacion-bg\/","title":{"rendered":"Persentaci\u00f3n BG"},"content":{"rendered":"<p>&nbsp;<\/p>\n<ul>\n<li>D\u00f1a. M\u00aa Dolores Jim\u00e9nez Alonso<\/li>\n<li>D\u00f1a. M\u00aa Imaculada Gormaz Garc\u00eda<\/li>\n<li>D\u00f1a. Elena Pino Iglesias<\/li>\n<li>D. Alfonso Pina Pat\u00f3n<\/li>\n<\/ul>\n","protected":false},"excerpt":{"rendered":"<p>&nbsp; D\u00f1a. M\u00aa Dolores Jim\u00e9nez Alonso D\u00f1a. M\u00aa Imaculada Gormaz Garc\u00eda D\u00f1a. Elena Pino Iglesias D. Alfonso Pina Pat\u00f3n<\/p>\n","protected":false},"author":10424,"featured_media":0,"comment_status":"closed","ping_status":"closed","sticky":false,"template":"","format":"standard","meta":{"ngg_post_thumbnail":0,"footnotes":""},"categories":[2351841],"tags":[],"aioseo_notices":[],"_links":{"self":[{"href":"https:\/\/blogsaverroes.juntadeandalucia.es\/iesarroyodelamiel\/wp-json\/wp\/v2\/posts\/466"}],"collection":[{"href":"https:\/\/blogsaverroes.juntadeandalucia.es\/iesarroyodelamiel\/wp-json\/wp\/v2\/posts"}],"about":[{"href":"https:\/\/blogsaverroes.juntadeandalucia.es\/iesarroyodelamiel\/wp-json\/wp\/v2\/types\/post"}],"author":[{"embeddable":true,"href":"https:\/\/blogsaverroes.juntadeandalucia.es\/iesarroyodelamiel\/wp-json\/wp\/v2\/users\/10424"}],"replies":[{"embeddable":true,"href":"https:\/\/blogsaverroes.juntadeandalucia.es\/iesarroyodelamiel\/wp-json\/wp\/v2\/comments?post=466"}],"version-history":[{"count":0,"href":"https:\/\/blogsaverroes.juntadeandalucia.es\/iesarroyodelamiel\/wp-json\/wp\/v2\/posts\/466\/revisions"}],"wp:attachment":[{"href":"https:\/\/blogsaverroes.juntadeandalucia.es\/iesarroyodelamiel\/wp-json\/wp\/v2\/media?parent=466"}],"wp:term":[{"taxonomy":"category","embeddable":true,"href":"https:\/\/blogsaverroes.juntadeandalucia.es\/iesarroyodelamiel\/wp-json\/wp\/v2\/categories?post=466"},{"taxonomy":"post_tag","embeddable":true,"href":"https:\/\/blogsaverroes.juntadeandalucia.es\/iesarroyodelamiel\/wp-json\/wp\/v2\/tags?post=466"}],"curies":[{"name":"wp","href":"https:\/\/api.w.org\/{rel}","templated":true}]}}