{"id":4962,"date":"2013-06-27T13:25:17","date_gmt":"2013-06-27T11:25:17","guid":{"rendered":"http:\/\/www.iesarroyodelamiel.es\/?p=1699"},"modified":"2013-06-27T13:25:17","modified_gmt":"2013-06-27T11:25:17","slug":"materiales-de-turismo","status":"publish","type":"post","link":"https:\/\/blogsaverroes.juntadeandalucia.es\/iesarroyodelamiel\/materiales-de-turismo\/","title":{"rendered":"Materiales de Turismo"},"content":{"rendered":"<p>A principio de cada curso el profesor o profesora correspondiente de cada m\u00f3dulo informar\u00e1 al alumnado sobre el material con el que se trabajar\u00e1 en clase.<br \/>\nAdem\u00e1s de libros de texto se trabajar\u00e1n numerosos videos, enlaces de inter\u00e9s a webs de turismo, notas de prensa&#8230;<\/p>\n<p>Todo ello sumado a talleres, charlas y actividades complementarias para garantizar la mejor formaci\u00f3n del alumnado.<\/p>\n<p>En el enlace www.giatarroyodelamiel.tk puedes ver las numerosas actividades y materiales con los que se trabaja durante los dos a\u00f1os del ciclo. No dejes de visitar nuestro apartado \u00abViajes y excursiones\u00bb, as\u00ed como la \u00abFeria de turismo\u00bb en el apartado de Relaciones P\u00fablicas donde podr\u00e1s comprobrar todo el trabajo profesional que se realiza en estos estudios.<\/p>\n","protected":false},"excerpt":{"rendered":"<p>A principio de cada curso el profesor o profesora correspondiente de cada m\u00f3dulo informar\u00e1 al alumnado sobre el material con el que se trabajar\u00e1 en clase. Adem\u00e1s de libros de texto se trabajar\u00e1n numerosos&#46;&#46;&#46;<\/p>\n","protected":false},"author":10424,"featured_media":0,"comment_status":"closed","ping_status":"closed","sticky":false,"template":"","format":"standard","meta":{"ngg_post_thumbnail":0,"footnotes":""},"categories":[2351894],"tags":[],"aioseo_notices":[],"_links":{"self":[{"href":"https:\/\/blogsaverroes.juntadeandalucia.es\/iesarroyodelamiel\/wp-json\/wp\/v2\/posts\/4962"}],"collection":[{"href":"https:\/\/blogsaverroes.juntadeandalucia.es\/iesarroyodelamiel\/wp-json\/wp\/v2\/posts"}],"about":[{"href":"https:\/\/blogsaverroes.juntadeandalucia.es\/iesarroyodelamiel\/wp-json\/wp\/v2\/types\/post"}],"author":[{"embeddable":true,"href":"https:\/\/blogsaverroes.juntadeandalucia.es\/iesarroyodelamiel\/wp-json\/wp\/v2\/users\/10424"}],"replies":[{"embeddable":true,"href":"https:\/\/blogsaverroes.juntadeandalucia.es\/iesarroyodelamiel\/wp-json\/wp\/v2\/comments?post=4962"}],"version-history":[{"count":0,"href":"https:\/\/blogsaverroes.juntadeandalucia.es\/iesarroyodelamiel\/wp-json\/wp\/v2\/posts\/4962\/revisions"}],"wp:attachment":[{"href":"https:\/\/blogsaverroes.juntadeandalucia.es\/iesarroyodelamiel\/wp-json\/wp\/v2\/media?parent=4962"}],"wp:term":[{"taxonomy":"category","embeddable":true,"href":"https:\/\/blogsaverroes.juntadeandalucia.es\/iesarroyodelamiel\/wp-json\/wp\/v2\/categories?post=4962"},{"taxonomy":"post_tag","embeddable":true,"href":"https:\/\/blogsaverroes.juntadeandalucia.es\/iesarroyodelamiel\/wp-json\/wp\/v2\/tags?post=4962"}],"curies":[{"name":"wp","href":"https:\/\/api.w.org\/{rel}","templated":true}]}}