{"id":4968,"date":"2013-07-02T20:50:10","date_gmt":"2013-07-02T18:50:10","guid":{"rendered":"http:\/\/www.iesarroyodelamiel.es\/?p=1760"},"modified":"2013-07-02T20:50:10","modified_gmt":"2013-07-02T18:50:10","slug":"presentacion-hg","status":"publish","type":"post","link":"https:\/\/blogsaverroes.juntadeandalucia.es\/iesarroyodelamiel\/presentacion-hg\/","title":{"rendered":"Presentaci\u00f3n HG"},"content":{"rendered":"<ul>\n<li>D. Jos\u00e9 Mar\u00eda \u00c1lvarez Gil<\/li>\n<li>D\u00f1a. Encarnaci\u00f3n Cebolla Feito<\/li>\n<li>D. Alfonso Fern\u00e1ndez Fern\u00e1ndez<\/li>\n<li>D. Juan Luis Puerto Fern\u00e1ndez<\/li>\n<li>D. Miguel Monago Retamar<\/li>\n<li>D\u00f1a. Isabel Romero Cano<\/li>\n<li>D. Javier Soriano Mu\u00f1oz<\/li>\n<li>D. David S\u00e1nchez Galv\u00e1n<\/li>\n<\/ul>\n","protected":false},"excerpt":{"rendered":"<p>D. Jos\u00e9 Mar\u00eda \u00c1lvarez Gil D\u00f1a. Encarnaci\u00f3n Cebolla Feito D. Alfonso Fern\u00e1ndez Fern\u00e1ndez D. Juan Luis Puerto Fern\u00e1ndez D. Miguel Monago Retamar D\u00f1a. Isabel Romero Cano D. Javier Soriano Mu\u00f1oz D. David S\u00e1nchez Galv\u00e1n<\/p>\n","protected":false},"author":10424,"featured_media":0,"comment_status":"closed","ping_status":"closed","sticky":false,"template":"","format":"standard","meta":{"ngg_post_thumbnail":0,"footnotes":""},"categories":[2351737],"tags":[],"aioseo_notices":[],"_links":{"self":[{"href":"https:\/\/blogsaverroes.juntadeandalucia.es\/iesarroyodelamiel\/wp-json\/wp\/v2\/posts\/4968"}],"collection":[{"href":"https:\/\/blogsaverroes.juntadeandalucia.es\/iesarroyodelamiel\/wp-json\/wp\/v2\/posts"}],"about":[{"href":"https:\/\/blogsaverroes.juntadeandalucia.es\/iesarroyodelamiel\/wp-json\/wp\/v2\/types\/post"}],"author":[{"embeddable":true,"href":"https:\/\/blogsaverroes.juntadeandalucia.es\/iesarroyodelamiel\/wp-json\/wp\/v2\/users\/10424"}],"replies":[{"embeddable":true,"href":"https:\/\/blogsaverroes.juntadeandalucia.es\/iesarroyodelamiel\/wp-json\/wp\/v2\/comments?post=4968"}],"version-history":[{"count":0,"href":"https:\/\/blogsaverroes.juntadeandalucia.es\/iesarroyodelamiel\/wp-json\/wp\/v2\/posts\/4968\/revisions"}],"wp:attachment":[{"href":"https:\/\/blogsaverroes.juntadeandalucia.es\/iesarroyodelamiel\/wp-json\/wp\/v2\/media?parent=4968"}],"wp:term":[{"taxonomy":"category","embeddable":true,"href":"https:\/\/blogsaverroes.juntadeandalucia.es\/iesarroyodelamiel\/wp-json\/wp\/v2\/categories?post=4968"},{"taxonomy":"post_tag","embeddable":true,"href":"https:\/\/blogsaverroes.juntadeandalucia.es\/iesarroyodelamiel\/wp-json\/wp\/v2\/tags?post=4968"}],"curies":[{"name":"wp","href":"https:\/\/api.w.org\/{rel}","templated":true}]}}