{"id":4977,"date":"2013-10-30T12:11:16","date_gmt":"2013-10-30T10:11:16","guid":{"rendered":"http:\/\/www.iesarroyodelamiel.es\/?p=1996"},"modified":"2013-10-30T12:11:16","modified_gmt":"2013-10-30T10:11:16","slug":"presentacion-atal","status":"publish","type":"post","link":"https:\/\/blogsaverroes.juntadeandalucia.es\/iesarroyodelamiel\/presentacion-atal\/","title":{"rendered":"\u00bfQu\u00e9 es el aula ATAL?"},"content":{"rendered":"<p>Es el Aula Temporal de Adaptaci\u00f3n Lingu\u00edstica.<\/p>\n<p>Aqu\u00ed asisten alumnos y alumnas reci\u00e9n llegados a nuestro pa\u00eds y con desconocimiento del idioma.<\/p>\n<p>Durante el curso 2014\/2015 nos encontrar\u00e1s los jueves de 8:30 a 13:00 en el aula situada a la izquierda de Conserjer\u00eda.<\/p>\n<div id=\"attachment_2333\" style=\"width: 310px\" class=\"wp-caption aligncenter\"><a href=\"https:\/\/blogsaverroes.juntadeandalucia.es\/iesarroyodelamiel\/files\/2013\/10\/bienvenidos-multilingue.jpg\"><img loading=\"lazy\" decoding=\"async\" aria-describedby=\"caption-attachment-2333\" class=\"wp-image-2333 size-full\" src=\"https:\/\/blogsaverroes.juntadeandalucia.es\/iesarroyodelamiel\/files\/2013\/10\/bienvenidos-multilingue.jpg\" alt=\"BIENVENIDOS\" width=\"300\" height=\"212\" \/><\/a><p id=\"caption-attachment-2333\" class=\"wp-caption-text\">BIENVENIDOS \ud83d\ude42<\/p><\/div>\n","protected":false},"excerpt":{"rendered":"<p>Es el Aula Temporal de Adaptaci\u00f3n Lingu\u00edstica. Aqu\u00ed asisten alumnos y alumnas reci\u00e9n llegados a nuestro pa\u00eds y con desconocimiento del idioma. Durante el curso 2014\/2015 nos encontrar\u00e1s los jueves de 8:30 a 13:00&#46;&#46;&#46;<\/p>\n","protected":false},"author":10424,"featured_media":0,"comment_status":"closed","ping_status":"closed","sticky":false,"template":"","format":"standard","meta":{"ngg_post_thumbnail":0,"footnotes":""},"categories":[2351896],"tags":[],"aioseo_notices":[],"_links":{"self":[{"href":"https:\/\/blogsaverroes.juntadeandalucia.es\/iesarroyodelamiel\/wp-json\/wp\/v2\/posts\/4977"}],"collection":[{"href":"https:\/\/blogsaverroes.juntadeandalucia.es\/iesarroyodelamiel\/wp-json\/wp\/v2\/posts"}],"about":[{"href":"https:\/\/blogsaverroes.juntadeandalucia.es\/iesarroyodelamiel\/wp-json\/wp\/v2\/types\/post"}],"author":[{"embeddable":true,"href":"https:\/\/blogsaverroes.juntadeandalucia.es\/iesarroyodelamiel\/wp-json\/wp\/v2\/users\/10424"}],"replies":[{"embeddable":true,"href":"https:\/\/blogsaverroes.juntadeandalucia.es\/iesarroyodelamiel\/wp-json\/wp\/v2\/comments?post=4977"}],"version-history":[{"count":0,"href":"https:\/\/blogsaverroes.juntadeandalucia.es\/iesarroyodelamiel\/wp-json\/wp\/v2\/posts\/4977\/revisions"}],"wp:attachment":[{"href":"https:\/\/blogsaverroes.juntadeandalucia.es\/iesarroyodelamiel\/wp-json\/wp\/v2\/media?parent=4977"}],"wp:term":[{"taxonomy":"category","embeddable":true,"href":"https:\/\/blogsaverroes.juntadeandalucia.es\/iesarroyodelamiel\/wp-json\/wp\/v2\/categories?post=4977"},{"taxonomy":"post_tag","embeddable":true,"href":"https:\/\/blogsaverroes.juntadeandalucia.es\/iesarroyodelamiel\/wp-json\/wp\/v2\/tags?post=4977"}],"curies":[{"name":"wp","href":"https:\/\/api.w.org\/{rel}","templated":true}]}}