{"id":518,"date":"2013-03-12T12:18:43","date_gmt":"2013-03-12T12:18:43","guid":{"rendered":"http:\/\/www.iesarroyodelamiel.es\/?p=518"},"modified":"2013-03-12T12:18:43","modified_gmt":"2013-03-12T12:18:43","slug":"presentacion-in","status":"publish","type":"post","link":"https:\/\/blogsaverroes.juntadeandalucia.es\/iesarroyodelamiel\/presentacion-in\/","title":{"rendered":"Presentaci\u00f3n IN"},"content":{"rendered":"<p><strong>D\u00f1a Gema Morales Urgel<\/strong><\/p>\n<p><strong>D\u00f1a Margarita Basso Abad<\/strong><\/p>\n<p><strong>D. Carlos Daniel Repiso Molina<\/strong><\/p>\n<p><strong>D.\u00a0Patricia Garc\u00eda Rodr\u00edguez<\/strong><\/p>\n<p><strong>D\u00f1a Francisca Ortu\u00f1o Garc\u00eda<\/strong><\/p>\n<p><strong>D. Teresa Pino Muela<\/strong><\/p>\n<p><strong>D. Ricardo Torres Ru\u00edz<\/strong><\/p>\n<p><strong>Francisco Castro L\u00f3pez<\/strong><\/p>\n","protected":false},"excerpt":{"rendered":"<p>D\u00f1a Gema Morales Urgel D\u00f1a Margarita Basso Abad D. Carlos Daniel Repiso Molina D.\u00a0Patricia Garc\u00eda Rodr\u00edguez D\u00f1a Francisca Ortu\u00f1o Garc\u00eda D. Teresa Pino Muela D. Ricardo Torres Ru\u00edz Francisco Castro L\u00f3pez<\/p>\n","protected":false},"author":10424,"featured_media":0,"comment_status":"closed","ping_status":"closed","sticky":false,"template":"","format":"standard","meta":{"ngg_post_thumbnail":0,"footnotes":""},"categories":[2351738],"tags":[],"aioseo_notices":[],"_links":{"self":[{"href":"https:\/\/blogsaverroes.juntadeandalucia.es\/iesarroyodelamiel\/wp-json\/wp\/v2\/posts\/518"}],"collection":[{"href":"https:\/\/blogsaverroes.juntadeandalucia.es\/iesarroyodelamiel\/wp-json\/wp\/v2\/posts"}],"about":[{"href":"https:\/\/blogsaverroes.juntadeandalucia.es\/iesarroyodelamiel\/wp-json\/wp\/v2\/types\/post"}],"author":[{"embeddable":true,"href":"https:\/\/blogsaverroes.juntadeandalucia.es\/iesarroyodelamiel\/wp-json\/wp\/v2\/users\/10424"}],"replies":[{"embeddable":true,"href":"https:\/\/blogsaverroes.juntadeandalucia.es\/iesarroyodelamiel\/wp-json\/wp\/v2\/comments?post=518"}],"version-history":[{"count":0,"href":"https:\/\/blogsaverroes.juntadeandalucia.es\/iesarroyodelamiel\/wp-json\/wp\/v2\/posts\/518\/revisions"}],"wp:attachment":[{"href":"https:\/\/blogsaverroes.juntadeandalucia.es\/iesarroyodelamiel\/wp-json\/wp\/v2\/media?parent=518"}],"wp:term":[{"taxonomy":"category","embeddable":true,"href":"https:\/\/blogsaverroes.juntadeandalucia.es\/iesarroyodelamiel\/wp-json\/wp\/v2\/categories?post=518"},{"taxonomy":"post_tag","embeddable":true,"href":"https:\/\/blogsaverroes.juntadeandalucia.es\/iesarroyodelamiel\/wp-json\/wp\/v2\/tags?post=518"}],"curies":[{"name":"wp","href":"https:\/\/api.w.org\/{rel}","templated":true}]}}