{"id":5519,"date":"2021-05-17T09:20:40","date_gmt":"2021-05-17T09:20:40","guid":{"rendered":"https:\/\/blogsaverroes.juntadeandalucia.es\/iesarroyodelamiel\/?p=5519"},"modified":"2021-05-17T12:48:18","modified_gmt":"2021-05-17T12:48:18","slug":"ii-torneo-de-debates","status":"publish","type":"post","link":"https:\/\/blogsaverroes.juntadeandalucia.es\/iesarroyodelamiel\/ii-torneo-de-debates\/","title":{"rendered":"II Torneo de debates"},"content":{"rendered":"<p><a href=\"https:\/\/blogsaverroes.juntadeandalucia.es\/iesarroyodelamiel\/files\/2021\/05\/Cartel-torneo.jpg\"><img loading=\"lazy\" decoding=\"async\" class=\"aligncenter size-medium wp-image-5520\" src=\"https:\/\/blogsaverroes.juntadeandalucia.es\/iesarroyodelamiel\/files\/2021\/05\/Cartel-torneo-300x228.jpg\" alt=\"\" width=\"300\" height=\"228\" srcset=\"https:\/\/blogsaverroes.juntadeandalucia.es\/iesarroyodelamiel\/files\/2021\/05\/Cartel-torneo-300x228.jpg 300w, https:\/\/blogsaverroes.juntadeandalucia.es\/iesarroyodelamiel\/files\/2021\/05\/Cartel-torneo-1024x777.jpg 1024w, https:\/\/blogsaverroes.juntadeandalucia.es\/iesarroyodelamiel\/files\/2021\/05\/Cartel-torneo-768x582.jpg 768w, https:\/\/blogsaverroes.juntadeandalucia.es\/iesarroyodelamiel\/files\/2021\/05\/Cartel-torneo.jpg 1080w\" sizes=\"(max-width: 300px) 100vw, 300px\" \/><\/a><\/p>\n<p style=\"margin-top: 0cm;background: white\"><span style=\"font-size: 10.0pt;font-family: Roboto;color: #888888\">La pr\u00f3xima semana se celebrar\u00e1 en la Sala de estudios del nuestro instituto el II Torneo de debates IES ARROYO DE LA MIEL. El torneo de debates se enmarca dentro del programa Comunica para la Innovaci\u00f3n Educativa. Dicho programa presenta una visi\u00f3n integradora de las tipolog\u00edas textuales como manifestaci\u00f3n cultural, ling\u00fc\u00edstica, est\u00e9tica, social, \u00e9tica e individual, vincul\u00e1ndose con las competencias y las nuevas metodolog\u00edas educativas.<\/span><\/p>\n<p style=\"margin-top: 0cm;background: white;margin-bottom: 1rem\"><span style=\"font-size: 10.0pt;font-family: Roboto;color: #888888\">En esta ocasi\u00f3n, hemos tomado como tema a debatir para 1\u00ba Bachillerato \u00bfEs positivo el uso del m\u00f3vil en clase?, mientras que los cursos de 3\u00baESO y 1\u00baESO responder\u00e1n a la pregunta \u00bfSon los graffitis arte o vandalismo?<\/span><\/p>\n<p style=\"margin-top: 0cm;background: white;margin-bottom: 1rem\"><span style=\"font-size: 10.0pt;font-family: Roboto;color: #888888\">Os seguiremos informando.<\/span><\/p>\n<p>&nbsp;<\/p>\n","protected":false},"excerpt":{"rendered":"<p>La pr\u00f3xima semana se celebrar\u00e1 en la Sala de estudios del nuestro instituto el II Torneo de debates IES ARROYO DE LA MIEL. El torneo de debates se enmarca dentro del programa Comunica para&#46;&#46;&#46;<\/p>\n","protected":false},"author":10424,"featured_media":5520,"comment_status":"open","ping_status":"open","sticky":false,"template":"","format":"standard","meta":{"ngg_post_thumbnail":0,"footnotes":""},"categories":[11909],"tags":[2351903,2351913],"aioseo_notices":[],"_links":{"self":[{"href":"https:\/\/blogsaverroes.juntadeandalucia.es\/iesarroyodelamiel\/wp-json\/wp\/v2\/posts\/5519"}],"collection":[{"href":"https:\/\/blogsaverroes.juntadeandalucia.es\/iesarroyodelamiel\/wp-json\/wp\/v2\/posts"}],"about":[{"href":"https:\/\/blogsaverroes.juntadeandalucia.es\/iesarroyodelamiel\/wp-json\/wp\/v2\/types\/post"}],"author":[{"embeddable":true,"href":"https:\/\/blogsaverroes.juntadeandalucia.es\/iesarroyodelamiel\/wp-json\/wp\/v2\/users\/10424"}],"replies":[{"embeddable":true,"href":"https:\/\/blogsaverroes.juntadeandalucia.es\/iesarroyodelamiel\/wp-json\/wp\/v2\/comments?post=5519"}],"version-history":[{"count":1,"href":"https:\/\/blogsaverroes.juntadeandalucia.es\/iesarroyodelamiel\/wp-json\/wp\/v2\/posts\/5519\/revisions"}],"predecessor-version":[{"id":5521,"href":"https:\/\/blogsaverroes.juntadeandalucia.es\/iesarroyodelamiel\/wp-json\/wp\/v2\/posts\/5519\/revisions\/5521"}],"wp:featuredmedia":[{"embeddable":true,"href":"https:\/\/blogsaverroes.juntadeandalucia.es\/iesarroyodelamiel\/wp-json\/wp\/v2\/media\/5520"}],"wp:attachment":[{"href":"https:\/\/blogsaverroes.juntadeandalucia.es\/iesarroyodelamiel\/wp-json\/wp\/v2\/media?parent=5519"}],"wp:term":[{"taxonomy":"category","embeddable":true,"href":"https:\/\/blogsaverroes.juntadeandalucia.es\/iesarroyodelamiel\/wp-json\/wp\/v2\/categories?post=5519"},{"taxonomy":"post_tag","embeddable":true,"href":"https:\/\/blogsaverroes.juntadeandalucia.es\/iesarroyodelamiel\/wp-json\/wp\/v2\/tags?post=5519"}],"curies":[{"name":"wp","href":"https:\/\/api.w.org\/{rel}","templated":true}]}}