{"id":628,"date":"2013-03-19T12:09:28","date_gmt":"2013-03-19T12:09:28","guid":{"rendered":"http:\/\/www.iesarroyodelamiel.es\/?p=628"},"modified":"2013-03-19T12:09:28","modified_gmt":"2013-03-19T12:09:28","slug":"presentacion-fr","status":"publish","type":"post","link":"https:\/\/blogsaverroes.juntadeandalucia.es\/iesarroyodelamiel\/presentacion-fr\/","title":{"rendered":"Presentacion FR"},"content":{"rendered":"<p><strong>Franc\u00e9s :<\/strong><\/p>\n<p>&nbsp;<\/p>\n<p><strong>D\u00f1a. M\u00aaTeresa Morrillas Mu\u00f1oz<\/strong><\/p>\n<p><strong>D\u00f1a. Mar\u00eda Contreras Herce<\/strong><\/p>\n<p><strong>D\u00f1a. Esperanza Mart\u00ednez Arag\u00f3n<\/strong><\/p>\n<p><strong><br \/>\n<\/strong><\/p>\n","protected":false},"excerpt":{"rendered":"<p>Franc\u00e9s : &nbsp; D\u00f1a. M\u00aaTeresa Morrillas Mu\u00f1oz D\u00f1a. Mar\u00eda Contreras Herce D\u00f1a. Esperanza Mart\u00ednez Arag\u00f3n<\/p>\n","protected":false},"author":10424,"featured_media":0,"comment_status":"closed","ping_status":"closed","sticky":false,"template":"","format":"standard","meta":{"ngg_post_thumbnail":0,"footnotes":""},"categories":[2351736],"tags":[],"aioseo_notices":[],"_links":{"self":[{"href":"https:\/\/blogsaverroes.juntadeandalucia.es\/iesarroyodelamiel\/wp-json\/wp\/v2\/posts\/628"}],"collection":[{"href":"https:\/\/blogsaverroes.juntadeandalucia.es\/iesarroyodelamiel\/wp-json\/wp\/v2\/posts"}],"about":[{"href":"https:\/\/blogsaverroes.juntadeandalucia.es\/iesarroyodelamiel\/wp-json\/wp\/v2\/types\/post"}],"author":[{"embeddable":true,"href":"https:\/\/blogsaverroes.juntadeandalucia.es\/iesarroyodelamiel\/wp-json\/wp\/v2\/users\/10424"}],"replies":[{"embeddable":true,"href":"https:\/\/blogsaverroes.juntadeandalucia.es\/iesarroyodelamiel\/wp-json\/wp\/v2\/comments?post=628"}],"version-history":[{"count":0,"href":"https:\/\/blogsaverroes.juntadeandalucia.es\/iesarroyodelamiel\/wp-json\/wp\/v2\/posts\/628\/revisions"}],"wp:attachment":[{"href":"https:\/\/blogsaverroes.juntadeandalucia.es\/iesarroyodelamiel\/wp-json\/wp\/v2\/media?parent=628"}],"wp:term":[{"taxonomy":"category","embeddable":true,"href":"https:\/\/blogsaverroes.juntadeandalucia.es\/iesarroyodelamiel\/wp-json\/wp\/v2\/categories?post=628"},{"taxonomy":"post_tag","embeddable":true,"href":"https:\/\/blogsaverroes.juntadeandalucia.es\/iesarroyodelamiel\/wp-json\/wp\/v2\/tags?post=628"}],"curies":[{"name":"wp","href":"https:\/\/api.w.org\/{rel}","templated":true}]}}