{"id":791,"date":"2019-10-04T11:27:57","date_gmt":"2019-10-04T09:27:57","guid":{"rendered":"http:\/\/www.iesarroyodelamiel.es\/?p=791"},"modified":"2019-10-04T11:27:57","modified_gmt":"2019-10-04T09:27:57","slug":"presentacion-te","status":"publish","type":"post","link":"https:\/\/blogsaverroes.juntadeandalucia.es\/iesarroyodelamiel\/presentacion-te\/","title":{"rendered":"Presentaci\u00f3n TE"},"content":{"rendered":"<p><strong>Profesores del departamento de Tecnolog\u00eda:<\/strong><\/p>\n<p>D. Jacinto Javier Bueno Moreno<\/p>\n<p>D. Francisco D\u00edaz Uceda<\/p>\n<p>D. Jes\u00fas \u00c1ngel Fern\u00e1ndez Piris<\/p>\n<p><strong>Grupos, materias y profesores del curso 2019\/2020:<\/strong><\/p>\n<p>1\u00ba ESO C-D&nbsp; &nbsp; &nbsp; &nbsp; &nbsp; &nbsp; &nbsp; Tecnolog\u00eda Aplicada&nbsp; &nbsp; &nbsp; &nbsp; &nbsp; D. Jes\u00fas \u00c1ngel Fern\u00e1ndez Piris<\/p>\n<p>2\u00ba ESO A y B&nbsp; &nbsp; &nbsp; &nbsp; &nbsp; &nbsp; &nbsp; &nbsp; Tecnolog\u00eda&nbsp; &nbsp; &nbsp; &nbsp; &nbsp; &nbsp; &nbsp; &nbsp; &nbsp; &nbsp; &nbsp; &nbsp; &nbsp; D. Jacinto Javier Bueno Moreno<\/p>\n<p>2\u00ba ESO C y D&nbsp; &nbsp; &nbsp; &nbsp; &nbsp; Tecnolog\u00eda&nbsp; &nbsp; &nbsp; &nbsp; &nbsp; &nbsp; &nbsp; &nbsp; &nbsp; &nbsp; &nbsp; &nbsp; &nbsp; D. Francisco D\u00edaz Uceda<\/p>\n<p>3\u00ba ESO A y C&nbsp; &nbsp; &nbsp; Tecnolog\u00eda&nbsp; &nbsp; &nbsp; &nbsp; &nbsp; &nbsp; &nbsp; &nbsp; &nbsp; &nbsp; &nbsp; &nbsp; &nbsp; D. Jes\u00fas \u00c1ngel Fern\u00e1ndez Piris<\/p>\n<p>3\u00ba ESO B&nbsp; &nbsp; &nbsp; Tecnolog\u00eda&nbsp; &nbsp; &nbsp; &nbsp; &nbsp; &nbsp; &nbsp; &nbsp; &nbsp; &nbsp; &nbsp; &nbsp; &nbsp; D. Francisco D\u00edaz Uceda<\/p>\n<p>4\u00ba ESO A&nbsp; &nbsp; &nbsp; &nbsp; &nbsp; &nbsp; &nbsp; &nbsp; &nbsp;Tecnolog\u00eda&nbsp; &nbsp; &nbsp; &nbsp; &nbsp; &nbsp; &nbsp; &nbsp; &nbsp; &nbsp; &nbsp; &nbsp; &nbsp; D. Francisco D\u00edaz Uceda<\/p>\n<p>4\u00ba ESO A, B y C&nbsp; &nbsp; &nbsp; &nbsp;Rob\u00f3tica&nbsp; &nbsp; &nbsp; &nbsp; &nbsp; &nbsp; &nbsp; &nbsp; &nbsp; &nbsp; &nbsp; &nbsp; &nbsp; &nbsp; D. Jacinto Javier Bueno Moreno<\/p>\n<p>1\u00ba Bachillerato A&nbsp; &nbsp; &nbsp; &nbsp;Tecnolog\u00eda Industrial I&nbsp; &nbsp; &nbsp; &nbsp;D. Jacinto Javier Bueno Moreno<\/p>\n<p>1\u00ba Bachillerato B&nbsp; &nbsp; &nbsp; &nbsp;Cultura Cient\u00edfica&nbsp; &nbsp; &nbsp; D. Jes\u00fas \u00c1ngel Fern\u00e1ndez Piris<\/p>\n<p>1\u00ba Bachillerato C&nbsp; &nbsp; &nbsp; &nbsp;Cultura Cient\u00edfica&nbsp; &nbsp; &nbsp; D. Francisco D\u00edaz Uceda<\/p>\n<p><strong>Profesores\/Cargos:<\/strong><\/p>\n<p>D. Jacinto Javier Bueno Moreno&nbsp; &nbsp;(Jefe del Departamento de Actividades Extraescolares)<\/p>\n<p>D. Francisco D\u00edaz Uceda&nbsp; (Tutor de 3\u00ba ESO B)<\/p>\n<p>D. Jes\u00fas \u00c1ngel Fern\u00e1ndez Piris&nbsp; ( Jefe del Departamento de Tecnolog\u00eda y Coordinador TIC)<\/p>\n","protected":false},"excerpt":{"rendered":"<p>Profesores del departamento de Tecnolog\u00eda: D. Jacinto Javier Bueno Moreno D. Francisco D\u00edaz Uceda D. Jes\u00fas \u00c1ngel Fern\u00e1ndez Piris Grupos, materias y profesores del curso 2019\/2020: 1\u00ba ESO C-D&nbsp; &nbsp; &nbsp; &nbsp; &nbsp; &nbsp;&#46;&#46;&#46;<\/p>\n","protected":false},"author":10424,"featured_media":0,"comment_status":"closed","ping_status":"closed","sticky":false,"template":"","format":"standard","meta":{"ngg_post_thumbnail":0,"footnotes":""},"categories":[2351849],"tags":[],"aioseo_notices":[],"_links":{"self":[{"href":"https:\/\/blogsaverroes.juntadeandalucia.es\/iesarroyodelamiel\/wp-json\/wp\/v2\/posts\/791"}],"collection":[{"href":"https:\/\/blogsaverroes.juntadeandalucia.es\/iesarroyodelamiel\/wp-json\/wp\/v2\/posts"}],"about":[{"href":"https:\/\/blogsaverroes.juntadeandalucia.es\/iesarroyodelamiel\/wp-json\/wp\/v2\/types\/post"}],"author":[{"embeddable":true,"href":"https:\/\/blogsaverroes.juntadeandalucia.es\/iesarroyodelamiel\/wp-json\/wp\/v2\/users\/10424"}],"replies":[{"embeddable":true,"href":"https:\/\/blogsaverroes.juntadeandalucia.es\/iesarroyodelamiel\/wp-json\/wp\/v2\/comments?post=791"}],"version-history":[{"count":0,"href":"https:\/\/blogsaverroes.juntadeandalucia.es\/iesarroyodelamiel\/wp-json\/wp\/v2\/posts\/791\/revisions"}],"wp:attachment":[{"href":"https:\/\/blogsaverroes.juntadeandalucia.es\/iesarroyodelamiel\/wp-json\/wp\/v2\/media?parent=791"}],"wp:term":[{"taxonomy":"category","embeddable":true,"href":"https:\/\/blogsaverroes.juntadeandalucia.es\/iesarroyodelamiel\/wp-json\/wp\/v2\/categories?post=791"},{"taxonomy":"post_tag","embeddable":true,"href":"https:\/\/blogsaverroes.juntadeandalucia.es\/iesarroyodelamiel\/wp-json\/wp\/v2\/tags?post=791"}],"curies":[{"name":"wp","href":"https:\/\/api.w.org\/{rel}","templated":true}]}}