{"id":10168,"date":"2025-09-09T11:14:06","date_gmt":"2025-09-09T09:14:06","guid":{"rendered":"https:\/\/blogsaverroes.juntadeandalucia.es\/iesategua\/?p=10168"},"modified":"2025-09-09T11:15:47","modified_gmt":"2025-09-09T09:15:47","slug":"abierto-plazo-de-matricula-de-plazas-vacantes-en-ciclos-formativos","status":"publish","type":"post","link":"https:\/\/blogsaverroes.juntadeandalucia.es\/iesategua\/abierto-plazo-de-matricula-de-plazas-vacantes-en-ciclos-formativos\/","title":{"rendered":"Abierto plazo de matr\u00edcula de plazas vacantes en ciclos formativos"},"content":{"rendered":"\t\t<div data-elementor-type=\"wp-post\" data-elementor-id=\"10168\" class=\"elementor elementor-10168\">\n\t\t\t\t\t\t<section class=\"elementor-section elementor-top-section elementor-element elementor-element-8b37dc0 elementor-section-boxed elementor-section-height-default elementor-section-height-default\" data-id=\"8b37dc0\" data-element_type=\"section\">\n\t\t\t\t\t\t<div class=\"elementor-container elementor-column-gap-default\">\n\t\t\t\t\t<div class=\"elementor-column elementor-col-100 elementor-top-column elementor-element elementor-element-497fbdf7\" data-id=\"497fbdf7\" data-element_type=\"column\">\n\t\t\t<div class=\"elementor-widget-wrap elementor-element-populated\">\n\t\t\t\t\t\t<div class=\"elementor-element elementor-element-3d476292 elementor-widget elementor-widget-text-editor\" data-id=\"3d476292\" data-element_type=\"widget\" data-widget_type=\"text-editor.default\">\n\t\t\t\t<div class=\"elementor-widget-container\">\n\t\t\t\t\t\t\t\t\t<span data-sheets-root=\"1\">A partir del 4 de SEPTIEMBRE se abre el plazo de matriculaci\u00f3n para las plazas vacantes en nuestros CFGM Atenci\u00f3n a Personas en Situaci\u00f3n de Dependencia y Gesti\u00f3n Administrativa.\r\n\u00a1NO TE QUEDES SIN TU PLAZA!<\/span>\t\t\t\t\t\t\t\t<\/div>\n\t\t\t\t<\/div>\n\t\t\t\t\t<\/div>\n\t\t<\/div>\n\t\t\t\t\t<\/div>\n\t\t<\/section>\n\t\t\t\t<section class=\"elementor-section elementor-top-section elementor-element elementor-element-62db770 elementor-section-boxed elementor-section-height-default elementor-section-height-default\" data-id=\"62db770\" data-element_type=\"section\">\n\t\t\t\t\t\t<div class=\"elementor-container elementor-column-gap-default\">\n\t\t\t\t\t<div class=\"elementor-column elementor-col-100 elementor-top-column elementor-element elementor-element-6350b74\" data-id=\"6350b74\" data-element_type=\"column\">\n\t\t\t<div class=\"elementor-widget-wrap elementor-element-populated\">\n\t\t\t\t\t\t<div class=\"elementor-element elementor-element-827ef4a elementor-widget elementor-widget-image\" data-id=\"827ef4a\" data-element_type=\"widget\" data-widget_type=\"image.default\">\n\t\t\t\t<div class=\"elementor-widget-container\">\n\t\t\t\t\t\t\t\t\t\t\t\t\t\t\t<img fetchpriority=\"high\" decoding=\"async\" width=\"809\" height=\"1024\" src=\"https:\/\/blogsaverroes.juntadeandalucia.es\/iesategua\/files\/2025\/09\/1756997964840-Maria-Jesus-Perez-Villegas-809x1024.jpg\" class=\"attachment-large size-large wp-image-10171\" alt=\"\" srcset=\"https:\/\/blogsaverroes.juntadeandalucia.es\/iesategua\/files\/2025\/09\/1756997964840-Maria-Jesus-Perez-Villegas-809x1024.jpg 809w, https:\/\/blogsaverroes.juntadeandalucia.es\/iesategua\/files\/2025\/09\/1756997964840-Maria-Jesus-Perez-Villegas-237x300.jpg 237w, https:\/\/blogsaverroes.juntadeandalucia.es\/iesategua\/files\/2025\/09\/1756997964840-Maria-Jesus-Perez-Villegas-768x972.jpg 768w, https:\/\/blogsaverroes.juntadeandalucia.es\/iesategua\/files\/2025\/09\/1756997964840-Maria-Jesus-Perez-Villegas.jpg 1080w\" sizes=\"(max-width: 809px) 100vw, 809px\" \/>\t\t\t\t\t\t\t\t\t\t\t\t\t\t\t<\/div>\n\t\t\t\t<\/div>\n\t\t\t\t\t<\/div>\n\t\t<\/div>\n\t\t\t\t\t<\/div>\n\t\t<\/section>\n\t\t\t\t<\/div>\n\t\t","protected":false},"excerpt":{"rendered":"<p>A partir del 4 de SEPTIEMBRE se abre el plazo de matriculaci\u00f3n para las plazas vacantes en nuestros CFGM Atenci\u00f3n a Personas en Situaci\u00f3n de&hellip;<\/p>\n","protected":false},"author":1805,"featured_media":10169,"comment_status":"closed","ping_status":"open","sticky":false,"template":"","format":"standard","meta":{"ngg_post_thumbnail":0,"footnotes":""},"categories":[26636,1823020],"tags":[],"aioseo_notices":[],"_links":{"self":[{"href":"https:\/\/blogsaverroes.juntadeandalucia.es\/iesategua\/wp-json\/wp\/v2\/posts\/10168"}],"collection":[{"href":"https:\/\/blogsaverroes.juntadeandalucia.es\/iesategua\/wp-json\/wp\/v2\/posts"}],"about":[{"href":"https:\/\/blogsaverroes.juntadeandalucia.es\/iesategua\/wp-json\/wp\/v2\/types\/post"}],"author":[{"embeddable":true,"href":"https:\/\/blogsaverroes.juntadeandalucia.es\/iesategua\/wp-json\/wp\/v2\/users\/1805"}],"replies":[{"embeddable":true,"href":"https:\/\/blogsaverroes.juntadeandalucia.es\/iesategua\/wp-json\/wp\/v2\/comments?post=10168"}],"version-history":[{"count":4,"href":"https:\/\/blogsaverroes.juntadeandalucia.es\/iesategua\/wp-json\/wp\/v2\/posts\/10168\/revisions"}],"predecessor-version":[{"id":10174,"href":"https:\/\/blogsaverroes.juntadeandalucia.es\/iesategua\/wp-json\/wp\/v2\/posts\/10168\/revisions\/10174"}],"wp:featuredmedia":[{"embeddable":true,"href":"https:\/\/blogsaverroes.juntadeandalucia.es\/iesategua\/wp-json\/wp\/v2\/media\/10169"}],"wp:attachment":[{"href":"https:\/\/blogsaverroes.juntadeandalucia.es\/iesategua\/wp-json\/wp\/v2\/media?parent=10168"}],"wp:term":[{"taxonomy":"category","embeddable":true,"href":"https:\/\/blogsaverroes.juntadeandalucia.es\/iesategua\/wp-json\/wp\/v2\/categories?post=10168"},{"taxonomy":"post_tag","embeddable":true,"href":"https:\/\/blogsaverroes.juntadeandalucia.es\/iesategua\/wp-json\/wp\/v2\/tags?post=10168"}],"curies":[{"name":"wp","href":"https:\/\/api.w.org\/{rel}","templated":true}]}}