{"id":10439,"date":"2026-03-03T09:00:13","date_gmt":"2026-03-03T08:00:13","guid":{"rendered":"https:\/\/blogsaverroes.juntadeandalucia.es\/iesategua\/?p=10439"},"modified":"2026-03-03T09:00:41","modified_gmt":"2026-03-03T08:00:41","slug":"inauguracion-xxviii-jornadas-de-orientacion","status":"publish","type":"post","link":"https:\/\/blogsaverroes.juntadeandalucia.es\/iesategua\/inauguracion-xxviii-jornadas-de-orientacion\/","title":{"rendered":"Inauguraci\u00f3n XXVIII Jornadas de Orientaci\u00f3n"},"content":{"rendered":"<section class=\"elementor-section elementor-top-section elementor-element elementor-element-7d46b801 elementor-section-boxed elementor-section-height-default elementor-section-height-default\" data-id=\"7d46b801\" data-element_type=\"section\">\n<div class=\"elementor-container elementor-column-gap-default\">\n<div class=\"elementor-column elementor-col-100 elementor-top-column elementor-element elementor-element-30574915\" data-id=\"30574915\" data-element_type=\"column\">\n<div class=\"elementor-widget-wrap elementor-element-populated\">\n<div class=\"elementor-element elementor-element-5df8a50d elementor-widget elementor-widget-text-editor\" data-id=\"5df8a50d\" data-element_type=\"widget\" data-widget_type=\"text-editor.default\">\n<div class=\"elementor-widget-container\">\n<p>Hoy comienzan nuestras XXVIII Jornadas de Orientaci\u00f3n e Inserci\u00f3n Laboral. Durante toda esta semana, nuestro alumnado acudir\u00e1 a charlas y ponencias muy variadas que seguro tendr\u00e1n un impacto muy positivo en su futuro acad\u00e9mico y profesional.<\/p>\n<p data-pm-slice=\"1 1 []\">Trataremos sobre temas claves en su futuro. Elegir un camino no siempre es f\u00e1cil pero con la informaci\u00f3n y las estrategias adecuadas podremos ayudar a nuestro alumnado hacia la elecci\u00f3n de su futuro.<\/p>\n<p data-pm-slice=\"1 1 []\">Aqu\u00ed os dejamos <a href=\"https:\/\/blogsaverroes.juntadeandalucia.es\/iesategua\/files\/2026\/03\/Definitivo-HORARIO-XXVIII-JORNADAS-ORIENTACION-2026.pdf\">el programa de las jornadas <\/a>\u00a1la inauguraci\u00f3n que se est\u00e1 celebrando en este mismo momento!<\/p>\n<p data-pm-slice=\"1 1 []\">\u00a1Esperamos que disfrut\u00e9is y aprovecheis esta intensa semana!<\/p>\n<\/div>\n<\/div>\n<\/div>\n<\/div>\n<\/div>\n<\/section>\n","protected":false},"excerpt":{"rendered":"<p>Hoy comienzan nuestras XXVIII Jornadas de Orientaci\u00f3n e Inserci\u00f3n Laboral. Durante toda esta semana, nuestro alumnado acudir\u00e1 a charlas y ponencias muy variadas que seguro&hellip;<\/p>\n","protected":false},"author":1805,"featured_media":10440,"comment_status":"closed","ping_status":"open","sticky":false,"template":"","format":"standard","meta":{"ngg_post_thumbnail":0,"footnotes":""},"categories":[26636,1823019,1823020,3812],"tags":[],"aioseo_notices":[],"_links":{"self":[{"href":"https:\/\/blogsaverroes.juntadeandalucia.es\/iesategua\/wp-json\/wp\/v2\/posts\/10439"}],"collection":[{"href":"https:\/\/blogsaverroes.juntadeandalucia.es\/iesategua\/wp-json\/wp\/v2\/posts"}],"about":[{"href":"https:\/\/blogsaverroes.juntadeandalucia.es\/iesategua\/wp-json\/wp\/v2\/types\/post"}],"author":[{"embeddable":true,"href":"https:\/\/blogsaverroes.juntadeandalucia.es\/iesategua\/wp-json\/wp\/v2\/users\/1805"}],"replies":[{"embeddable":true,"href":"https:\/\/blogsaverroes.juntadeandalucia.es\/iesategua\/wp-json\/wp\/v2\/comments?post=10439"}],"version-history":[{"count":1,"href":"https:\/\/blogsaverroes.juntadeandalucia.es\/iesategua\/wp-json\/wp\/v2\/posts\/10439\/revisions"}],"predecessor-version":[{"id":10442,"href":"https:\/\/blogsaverroes.juntadeandalucia.es\/iesategua\/wp-json\/wp\/v2\/posts\/10439\/revisions\/10442"}],"wp:featuredmedia":[{"embeddable":true,"href":"https:\/\/blogsaverroes.juntadeandalucia.es\/iesategua\/wp-json\/wp\/v2\/media\/10440"}],"wp:attachment":[{"href":"https:\/\/blogsaverroes.juntadeandalucia.es\/iesategua\/wp-json\/wp\/v2\/media?parent=10439"}],"wp:term":[{"taxonomy":"category","embeddable":true,"href":"https:\/\/blogsaverroes.juntadeandalucia.es\/iesategua\/wp-json\/wp\/v2\/categories?post=10439"},{"taxonomy":"post_tag","embeddable":true,"href":"https:\/\/blogsaverroes.juntadeandalucia.es\/iesategua\/wp-json\/wp\/v2\/tags?post=10439"}],"curies":[{"name":"wp","href":"https:\/\/api.w.org\/{rel}","templated":true}]}}