{"id":3083,"date":"2017-06-20T21:48:23","date_gmt":"2017-06-20T19:48:23","guid":{"rendered":"http:\/\/blogsaverroes.juntadeandalucia.es\/iesategua\/?p=3083"},"modified":"2017-11-24T18:56:32","modified_gmt":"2017-11-24T17:56:32","slug":"award-ceremony","status":"publish","type":"post","link":"https:\/\/blogsaverroes.juntadeandalucia.es\/iesategua\/award-ceremony\/","title":{"rendered":"Award ceremony Erasmus+"},"content":{"rendered":"<p>El pasado mes de mayo se hizo entrega a la coordinadora de nuestro proyecto <strong>Erasmus+ &#8220;Join Us &amp; Move&#8221;<\/strong> el diploma &#8220;<strong>Historia de \u00e9xito 2016<\/strong>&#8221;<br \/>\n<em><strong>Nuestro proyecto fue seleccionado como Ejemplo de \u00e9xito 2016<\/strong><\/em> por la calidad de su producto, o sea el musical, as\u00ed como por todos los materiales did\u00e1cticos generados y la resoluci\u00f3n de los numerosos problemas de gesti\u00f3n que fueron surgiendo.<br \/>\n<strong>Los 50 alumnos del I.E.S. Ategua<\/strong> que participaron en el proyecto tuvieron un papel decisivo en el \u00e9xito del musical, <strong>as\u00ed como el grupo de profesores colaboradores<\/strong>.<\/p>\n<p style=\"text-align: center;\"><strong>Esta importante distinci\u00f3n es para&nbsp;todos nosotros. <\/strong><\/p>\n<p><a href=\"https:\/\/www.kmk-pad.org\/veranstaltungen\/dokumentation\/european-conference-on-dissemination.html\">M\u00e1s informaci\u00f3n<\/a> (en Ingl\u00e9s).<\/p>\n<p style=\"text-align: center;\"><a href=\"https:\/\/blogsaverroes.juntadeandalucia.es\/iesategua\/files\/2017\/06\/2.jpg\"><img fetchpriority=\"high\" decoding=\"async\" class=\"aligncenter size-medium wp-image-3084\" src=\"https:\/\/blogsaverroes.juntadeandalucia.es\/iesategua\/files\/2017\/06\/2-300x201.jpg\" alt=\"\" width=\"300\" height=\"201\" srcset=\"https:\/\/blogsaverroes.juntadeandalucia.es\/iesategua\/files\/2017\/06\/2.jpg 300w, https:\/\/blogsaverroes.juntadeandalucia.es\/iesategua\/files\/2017\/06\/2-24x16.jpg 24w, https:\/\/blogsaverroes.juntadeandalucia.es\/iesategua\/files\/2017\/06\/2-36x24.jpg 36w, https:\/\/blogsaverroes.juntadeandalucia.es\/iesategua\/files\/2017\/06\/2-48x32.jpg 48w\" sizes=\"(max-width: 300px) 100vw, 300px\" \/><\/a><\/p>\n","protected":false},"excerpt":{"rendered":"<p>El pasado mes de mayo se hizo entrega a la coordinadora de nuestro proyecto Erasmus+ &#8220;Join Us &amp; Move&#8221; el diploma &#8220;Historia de \u00e9xito 2016&#8221;&hellip;<\/p>\n","protected":false},"author":1805,"featured_media":0,"comment_status":"open","ping_status":"open","sticky":false,"template":"","format":"standard","meta":{"ngg_post_thumbnail":0,"footnotes":""},"categories":[26636,21040],"tags":[304868,458687,458694,458691,839084],"aioseo_notices":[],"_links":{"self":[{"href":"https:\/\/blogsaverroes.juntadeandalucia.es\/iesategua\/wp-json\/wp\/v2\/posts\/3083"}],"collection":[{"href":"https:\/\/blogsaverroes.juntadeandalucia.es\/iesategua\/wp-json\/wp\/v2\/posts"}],"about":[{"href":"https:\/\/blogsaverroes.juntadeandalucia.es\/iesategua\/wp-json\/wp\/v2\/types\/post"}],"author":[{"embeddable":true,"href":"https:\/\/blogsaverroes.juntadeandalucia.es\/iesategua\/wp-json\/wp\/v2\/users\/1805"}],"replies":[{"embeddable":true,"href":"https:\/\/blogsaverroes.juntadeandalucia.es\/iesategua\/wp-json\/wp\/v2\/comments?post=3083"}],"version-history":[{"count":2,"href":"https:\/\/blogsaverroes.juntadeandalucia.es\/iesategua\/wp-json\/wp\/v2\/posts\/3083\/revisions"}],"predecessor-version":[{"id":3086,"href":"https:\/\/blogsaverroes.juntadeandalucia.es\/iesategua\/wp-json\/wp\/v2\/posts\/3083\/revisions\/3086"}],"wp:attachment":[{"href":"https:\/\/blogsaverroes.juntadeandalucia.es\/iesategua\/wp-json\/wp\/v2\/media?parent=3083"}],"wp:term":[{"taxonomy":"category","embeddable":true,"href":"https:\/\/blogsaverroes.juntadeandalucia.es\/iesategua\/wp-json\/wp\/v2\/categories?post=3083"},{"taxonomy":"post_tag","embeddable":true,"href":"https:\/\/blogsaverroes.juntadeandalucia.es\/iesategua\/wp-json\/wp\/v2\/tags?post=3083"}],"curies":[{"name":"wp","href":"https:\/\/api.w.org\/{rel}","templated":true}]}}