{"id":3307,"date":"2017-11-20T10:53:17","date_gmt":"2017-11-20T09:53:17","guid":{"rendered":"http:\/\/blogsaverroes.juntadeandalucia.es\/iesategua\/?p=3307"},"modified":"2017-11-27T19:27:22","modified_gmt":"2017-11-27T18:27:22","slug":"jornadas-edufinet","status":"publish","type":"post","link":"https:\/\/blogsaverroes.juntadeandalucia.es\/iesategua\/jornadas-edufinet\/","title":{"rendered":"Jornadas Edufinet"},"content":{"rendered":"<div dir=\"auto\" style=\"text-align: justify;\">&nbsp;<\/div>\n<div dir=\"auto\" style=\"text-align: justify;\">Dentro de las actividades programadas en nuestro <strong>PROGRAMA INNICIA &#8220;Ategua, Innova y Emprende&#8221;<\/strong> cuyo objetivo principal es &#8220;<em>Simulaci\u00f3n de un proyecto de creaci\u00f3n y gesti\u00f3n empresarial, partiendo del conocimiento del entorno y su realidad empresarial unido al desarrollo de las materias de Fundamentos de la Administraci\u00f3n, Cultura emprendedora e Iniciaci\u00f3n a la actividad econ\u00f3mica y profesional<\/em>&#8220;, el 14 de Noviembre se celebraron en el <strong>IES Ategua<\/strong> las &#8220;<strong>IX Jornadas de Educaci\u00f3n Financiera para J\u00f3venes&#8221;<\/strong>, organizadas por Unicaja, dentro del <strong><em>Proyecto Edufinet<\/em><\/strong>. En ella particip\u00f3 el alumnado de Primero de Bachillerato de Humanidades y Ciencias Sociales, con la tem\u00e1tica &#8220;<strong>Creaci\u00f3n de Empresas<\/strong>&#8221; y el alumnado de segundo de Bachillerato de Humanidades y Ciencias Sociales con la tem\u00e1tica &#8220;<strong>Renta fija y Renta Variable<\/strong>&#8220;.<\/div>\n<div dir=\"auto\" style=\"text-align: justify;\">&nbsp;ngg_shortcode_0_placeholder\n<\/div>\n","protected":false},"excerpt":{"rendered":"<p>&nbsp; Dentro de las actividades programadas en nuestro PROGRAMA INNICIA &#8220;Ategua, Innova y Emprende&#8221; cuyo objetivo principal es &#8220;Simulaci\u00f3n de un proyecto de creaci\u00f3n y&hellip;<\/p>\n","protected":false},"author":1805,"featured_media":0,"comment_status":"open","ping_status":"open","sticky":false,"template":"","format":"standard","meta":{"ngg_post_thumbnail":0,"footnotes":""},"categories":[32],"tags":[458687,628347,458694,562,1320],"aioseo_notices":[],"_links":{"self":[{"href":"https:\/\/blogsaverroes.juntadeandalucia.es\/iesategua\/wp-json\/wp\/v2\/posts\/3307"}],"collection":[{"href":"https:\/\/blogsaverroes.juntadeandalucia.es\/iesategua\/wp-json\/wp\/v2\/posts"}],"about":[{"href":"https:\/\/blogsaverroes.juntadeandalucia.es\/iesategua\/wp-json\/wp\/v2\/types\/post"}],"author":[{"embeddable":true,"href":"https:\/\/blogsaverroes.juntadeandalucia.es\/iesategua\/wp-json\/wp\/v2\/users\/1805"}],"replies":[{"embeddable":true,"href":"https:\/\/blogsaverroes.juntadeandalucia.es\/iesategua\/wp-json\/wp\/v2\/comments?post=3307"}],"version-history":[{"count":5,"href":"https:\/\/blogsaverroes.juntadeandalucia.es\/iesategua\/wp-json\/wp\/v2\/posts\/3307\/revisions"}],"predecessor-version":[{"id":3400,"href":"https:\/\/blogsaverroes.juntadeandalucia.es\/iesategua\/wp-json\/wp\/v2\/posts\/3307\/revisions\/3400"}],"wp:attachment":[{"href":"https:\/\/blogsaverroes.juntadeandalucia.es\/iesategua\/wp-json\/wp\/v2\/media?parent=3307"}],"wp:term":[{"taxonomy":"category","embeddable":true,"href":"https:\/\/blogsaverroes.juntadeandalucia.es\/iesategua\/wp-json\/wp\/v2\/categories?post=3307"},{"taxonomy":"post_tag","embeddable":true,"href":"https:\/\/blogsaverroes.juntadeandalucia.es\/iesategua\/wp-json\/wp\/v2\/tags?post=3307"}],"curies":[{"name":"wp","href":"https:\/\/api.w.org\/{rel}","templated":true}]}}