{"id":5026,"date":"2019-11-26T10:17:23","date_gmt":"2019-11-26T09:17:23","guid":{"rendered":"https:\/\/blogsaverroes.juntadeandalucia.es\/iesategua\/?p=5026"},"modified":"2019-11-26T10:22:05","modified_gmt":"2019-11-26T09:22:05","slug":"beca-6000","status":"publish","type":"post","link":"https:\/\/blogsaverroes.juntadeandalucia.es\/iesategua\/beca-6000\/","title":{"rendered":"Beca 6000"},"content":{"rendered":"<p><img fetchpriority=\"high\" decoding=\"async\" class=\"aligncenter size-full wp-image-5029\" src=\"https:\/\/blogsaverroes.juntadeandalucia.es\/iesategua\/files\/2019\/11\/Cartel-Beca-6000.jpg\" alt=\"\" width=\"1123\" height=\"794\"><\/p>\n<p><strong>BECA 6000&nbsp;<\/strong><\/p>\n<p>Plazo de solicitud del 23 de noviembre de 2019 a 23 de diciembre 2019. A trav\u00e9s de Secretaria Virtual:&nbsp;<\/p>\n<p><a href=\"https:\/\/www.juntadeandalucia.es\/educacion\/secretariavirtual\/solicitudes\/#Becas_y_Ayudas\">https:\/\/www.juntadeandalucia.es\/educacion\/secretariavirtual\/solicitudes\/#Becas_y_Ayudas<\/a><\/p>\n<p>M\u00e1s informaci\u00f3n:&nbsp;<\/p>\n<p><a href=\"http:\/\/portals.ced.junta-andalucia.es\/educacion\/portals\/web\/becas-y-ayudas\/beca-6000\">http:\/\/portals.ced.junta-andalucia.es\/educacion\/portals\/web\/becas-y-ayudas\/beca-6000<\/a><\/p>\n<p><strong>Se RECUERDA que para PODER SOLICITAR BECA 6000&nbsp; los REQUISITOS son<\/strong>:<\/p>\n<ul>\n<li>Haber participado en la convocatoria de becas de car\u00e1cter general para ense\u00f1anzas postobligatorias no universitarias reguladas en el Real Decreto 1721\/2007, de 21 de diciembre, por el que se establece el r\u00e9gimen de las becas y ayudas al estudio personalizadas. El plazo para solicitar la beca de car\u00e1cter general del Ministerio finaliz\u00f3 el 1 de octubre de 2019.<\/li>\n<li>No estar realizando actividad laboral alguna, por cuenta propia o ajena, ni estar inscrito como demandante de empleo en cualquier oficina del Servicio Andaluz de Empleo.<\/li>\n<\/ul>\n<p><strong>Para la BECA ANDALUC\u00cdA SEGUNDA OPORTUNIDAD es, por el contrario:<\/strong><\/p>\n<ul>\n<li>Figurar inscrito como desempleado demandante de empleo en cualquier oficina del Servicio Andaluz de Empleo y no estar percibiendo prestaci\u00f3n por desempleo de nivel contributivo.<\/li>\n<li>Estos requisitos deber\u00e1n mantenerse durante todo el periodo que abarque el curso acad\u00e9mico para el que se concede la beca.<\/li>\n<\/ul>\n","protected":false},"excerpt":{"rendered":"<p>BECA 6000&nbsp; Plazo de solicitud del 23 de noviembre de 2019 a 23 de diciembre 2019. A trav\u00e9s de Secretaria Virtual:&nbsp; https:\/\/www.juntadeandalucia.es\/educacion\/secretariavirtual\/solicitudes\/#Becas_y_Ayudas M\u00e1s informaci\u00f3n:&nbsp; http:\/\/portals.ced.junta-andalucia.es\/educacion\/portals\/web\/becas-y-ayudas\/beca-6000&hellip;<\/p>\n","protected":false},"author":1805,"featured_media":0,"comment_status":"closed","ping_status":"open","sticky":false,"template":"","format":"standard","meta":{"ngg_post_thumbnail":0,"footnotes":""},"categories":[26636,3812],"tags":[],"aioseo_notices":[],"_links":{"self":[{"href":"https:\/\/blogsaverroes.juntadeandalucia.es\/iesategua\/wp-json\/wp\/v2\/posts\/5026"}],"collection":[{"href":"https:\/\/blogsaverroes.juntadeandalucia.es\/iesategua\/wp-json\/wp\/v2\/posts"}],"about":[{"href":"https:\/\/blogsaverroes.juntadeandalucia.es\/iesategua\/wp-json\/wp\/v2\/types\/post"}],"author":[{"embeddable":true,"href":"https:\/\/blogsaverroes.juntadeandalucia.es\/iesategua\/wp-json\/wp\/v2\/users\/1805"}],"replies":[{"embeddable":true,"href":"https:\/\/blogsaverroes.juntadeandalucia.es\/iesategua\/wp-json\/wp\/v2\/comments?post=5026"}],"version-history":[{"count":5,"href":"https:\/\/blogsaverroes.juntadeandalucia.es\/iesategua\/wp-json\/wp\/v2\/posts\/5026\/revisions"}],"predecessor-version":[{"id":5033,"href":"https:\/\/blogsaverroes.juntadeandalucia.es\/iesategua\/wp-json\/wp\/v2\/posts\/5026\/revisions\/5033"}],"wp:attachment":[{"href":"https:\/\/blogsaverroes.juntadeandalucia.es\/iesategua\/wp-json\/wp\/v2\/media?parent=5026"}],"wp:term":[{"taxonomy":"category","embeddable":true,"href":"https:\/\/blogsaverroes.juntadeandalucia.es\/iesategua\/wp-json\/wp\/v2\/categories?post=5026"},{"taxonomy":"post_tag","embeddable":true,"href":"https:\/\/blogsaverroes.juntadeandalucia.es\/iesategua\/wp-json\/wp\/v2\/tags?post=5026"}],"curies":[{"name":"wp","href":"https:\/\/api.w.org\/{rel}","templated":true}]}}