{"id":6051,"date":"2021-10-27T11:09:12","date_gmt":"2021-10-27T09:09:12","guid":{"rendered":"https:\/\/blogsaverroes.juntadeandalucia.es\/iesategua\/?p=6051"},"modified":"2021-10-27T11:09:12","modified_gmt":"2021-10-27T09:09:12","slug":"presentacion-gregory-matyas","status":"publish","type":"post","link":"https:\/\/blogsaverroes.juntadeandalucia.es\/iesategua\/presentacion-gregory-matyas\/","title":{"rendered":"Presentaci\u00f3n Gregory Matyas"},"content":{"rendered":"<p>Hemos comenzado nuevo curso y desde este mes de octubre y hasta final de mayo ,contamos con la inestimable colaboraci\u00f3n del auxiliar de conversaci\u00f3n 2021-22: Gregory Matyas , de C\u00e1nada.<\/p>\n<p>Gregory habla varios idiomas y trae su cultura y&nbsp; su lengua a nuestras aulas.<\/p>\n<p>\u00a1\u00a1 Bienvenido a Castro Del R\u00edo y al IES ATEGUA !!<\/p>\n<!--[if lt IE 9]><script>document.createElement('video');<\/script><![endif]-->\n\t<div class=\"wp-playlist wp-video-playlist wp-playlist-light\">\n\t\t<video controls=\"controls\" preload=\"none\" width=\"821\"\n\t\t height=\"462\"\t><\/video>\n\t<div class=\"wp-playlist-next\"><\/div>\n\t<div class=\"wp-playlist-prev\"><\/div>\n\t<noscript>\n\t<ol>\n\t\t<li><a href='https:\/\/blogsaverroes.juntadeandalucia.es\/iesategua\/files\/2021\/10\/Gregs-Introduction-to-class.mp4'>Greg's Introduction to class<\/a><\/li>\t<\/ol>\n\t<\/noscript>\n\t<script type=\"application\/json\" class=\"wp-playlist-script\">{\"type\":\"video\",\"tracklist\":false,\"tracknumbers\":true,\"images\":true,\"artists\":true,\"tracks\":[{\"src\":\"https:\\\/\\\/blogsaverroes.juntadeandalucia.es\\\/iesategua\\\/files\\\/2021\\\/10\\\/Gregs-Introduction-to-class.mp4\",\"type\":\"video\\\/mp4\",\"title\":\"Greg's Introduction to class\",\"caption\":\"\",\"description\":\"\",\"meta\":{\"length_formatted\":\"1:15\"},\"dimensions\":{\"original\":{\"width\":1280,\"height\":720},\"resized\":{\"width\":821,\"height\":462}},\"image\":{\"src\":\"https:\\\/\\\/blogsaverroes.juntadeandalucia.es\\\/iesategua\\\/wp-includes\\\/images\\\/media\\\/video.png\",\"width\":48,\"height\":64},\"thumb\":{\"src\":\"https:\\\/\\\/blogsaverroes.juntadeandalucia.es\\\/iesategua\\\/wp-includes\\\/images\\\/media\\\/video.png\",\"width\":48,\"height\":64}}]}<\/script>\n<\/div>\n\t\n","protected":false},"excerpt":{"rendered":"<p>Hemos comenzado nuevo curso y desde este mes de octubre y hasta final de mayo ,contamos con la inestimable colaboraci\u00f3n del auxiliar de conversaci\u00f3n 2021-22:&hellip;<\/p>\n","protected":false},"author":1805,"featured_media":0,"comment_status":"closed","ping_status":"open","sticky":false,"template":"","format":"standard","meta":{"ngg_post_thumbnail":0,"footnotes":""},"categories":[140],"tags":[],"aioseo_notices":[],"_links":{"self":[{"href":"https:\/\/blogsaverroes.juntadeandalucia.es\/iesategua\/wp-json\/wp\/v2\/posts\/6051"}],"collection":[{"href":"https:\/\/blogsaverroes.juntadeandalucia.es\/iesategua\/wp-json\/wp\/v2\/posts"}],"about":[{"href":"https:\/\/blogsaverroes.juntadeandalucia.es\/iesategua\/wp-json\/wp\/v2\/types\/post"}],"author":[{"embeddable":true,"href":"https:\/\/blogsaverroes.juntadeandalucia.es\/iesategua\/wp-json\/wp\/v2\/users\/1805"}],"replies":[{"embeddable":true,"href":"https:\/\/blogsaverroes.juntadeandalucia.es\/iesategua\/wp-json\/wp\/v2\/comments?post=6051"}],"version-history":[{"count":11,"href":"https:\/\/blogsaverroes.juntadeandalucia.es\/iesategua\/wp-json\/wp\/v2\/posts\/6051\/revisions"}],"predecessor-version":[{"id":6066,"href":"https:\/\/blogsaverroes.juntadeandalucia.es\/iesategua\/wp-json\/wp\/v2\/posts\/6051\/revisions\/6066"}],"wp:attachment":[{"href":"https:\/\/blogsaverroes.juntadeandalucia.es\/iesategua\/wp-json\/wp\/v2\/media?parent=6051"}],"wp:term":[{"taxonomy":"category","embeddable":true,"href":"https:\/\/blogsaverroes.juntadeandalucia.es\/iesategua\/wp-json\/wp\/v2\/categories?post=6051"},{"taxonomy":"post_tag","embeddable":true,"href":"https:\/\/blogsaverroes.juntadeandalucia.es\/iesategua\/wp-json\/wp\/v2\/tags?post=6051"}],"curies":[{"name":"wp","href":"https:\/\/api.w.org\/{rel}","templated":true}]}}