{"id":9325,"date":"2024-06-24T13:00:17","date_gmt":"2024-06-24T11:00:17","guid":{"rendered":"https:\/\/blogsaverroes.juntadeandalucia.es\/iesategua\/?p=9325"},"modified":"2024-12-19T09:06:25","modified_gmt":"2024-12-19T08:06:25","slug":"cfgm_dependencia","status":"publish","type":"post","link":"https:\/\/blogsaverroes.juntadeandalucia.es\/iesategua\/cfgm_dependencia\/","title":{"rendered":"CICLO GRADO MEDIO T\u00c9CNICO EN ATENCI\u00d3N A PERSONAS EN SITUACI\u00d3N DE DEPENDENCIA"},"content":{"rendered":"<p>Solicita <a href=\"https:\/\/blogsaverroes.juntadeandalucia.es\/iesategua\/escolarizacion-de-fp-a-partir-del-15-de-junio\/\" target=\"_blank\" rel=\"noopener\">tu plaza aqu\u00ed<\/a> del 15 de junio al 30 de junio nuestro Ciclo Formativo de Grado Medio de T\u00e9cnico en Atenci\u00f3n a Personas en Situaci\u00f3n de Dependencia.<\/p>\n<blockquote class=\"wp-embedded-content\" data-secret=\"5Lg3sSBH0e\"><p><a href=\"https:\/\/blogsaverroes.juntadeandalucia.es\/iesategua\/escolarizacion-de-fp-a-partir-del-15-de-junio\/\">Escolarizaci\u00f3n de FP a partir del 15 de junio<\/a><\/p><\/blockquote>\n<p><iframe class=\"wp-embedded-content\" sandbox=\"allow-scripts\" security=\"restricted\" style=\"position: absolute; clip: rect(1px, 1px, 1px, 1px);\" title=\"\u00abEscolarizaci\u00f3n de FP a partir del 15 de junio\u00bb \u2014 I.E.S. ATEGUA\" src=\"https:\/\/blogsaverroes.juntadeandalucia.es\/iesategua\/escolarizacion-de-fp-a-partir-del-15-de-junio\/embed\/#?secret=TACbPMi8lg#?secret=5Lg3sSBH0e\" data-secret=\"5Lg3sSBH0e\" width=\"600\" height=\"338\" frameborder=\"0\" marginwidth=\"0\" marginheight=\"0\" scrolling=\"no\"><\/iframe><\/p>\n<p>\u00a1No te quedes sin tu plaza! Tienes toda la informaci\u00f3n sobre c\u00f3mo solicitar tu plaza en este <a href=\"https:\/\/blogsaverroes.juntadeandalucia.es\/iesategua\/escolarizacion-de-fp-a-partir-del-15-de-junio\/\" target=\"_blank\" rel=\"noopener\">enlace<\/a>.<\/p>\n","protected":false},"excerpt":{"rendered":"<p>Solicita tu plaza aqu\u00ed del 15 de junio al 30 de junio nuestro Ciclo Formativo de Grado Medio de T\u00e9cnico en Atenci\u00f3n a Personas en&hellip;<\/p>\n","protected":false},"author":1805,"featured_media":9326,"comment_status":"closed","ping_status":"open","sticky":false,"template":"","format":"standard","meta":{"ngg_post_thumbnail":0,"footnotes":""},"categories":[26636,1823020],"tags":[],"aioseo_notices":[],"_links":{"self":[{"href":"https:\/\/blogsaverroes.juntadeandalucia.es\/iesategua\/wp-json\/wp\/v2\/posts\/9325"}],"collection":[{"href":"https:\/\/blogsaverroes.juntadeandalucia.es\/iesategua\/wp-json\/wp\/v2\/posts"}],"about":[{"href":"https:\/\/blogsaverroes.juntadeandalucia.es\/iesategua\/wp-json\/wp\/v2\/types\/post"}],"author":[{"embeddable":true,"href":"https:\/\/blogsaverroes.juntadeandalucia.es\/iesategua\/wp-json\/wp\/v2\/users\/1805"}],"replies":[{"embeddable":true,"href":"https:\/\/blogsaverroes.juntadeandalucia.es\/iesategua\/wp-json\/wp\/v2\/comments?post=9325"}],"version-history":[{"count":6,"href":"https:\/\/blogsaverroes.juntadeandalucia.es\/iesategua\/wp-json\/wp\/v2\/posts\/9325\/revisions"}],"predecessor-version":[{"id":9415,"href":"https:\/\/blogsaverroes.juntadeandalucia.es\/iesategua\/wp-json\/wp\/v2\/posts\/9325\/revisions\/9415"}],"wp:featuredmedia":[{"embeddable":true,"href":"https:\/\/blogsaverroes.juntadeandalucia.es\/iesategua\/wp-json\/wp\/v2\/media\/9326"}],"wp:attachment":[{"href":"https:\/\/blogsaverroes.juntadeandalucia.es\/iesategua\/wp-json\/wp\/v2\/media?parent=9325"}],"wp:term":[{"taxonomy":"category","embeddable":true,"href":"https:\/\/blogsaverroes.juntadeandalucia.es\/iesategua\/wp-json\/wp\/v2\/categories?post=9325"},{"taxonomy":"post_tag","embeddable":true,"href":"https:\/\/blogsaverroes.juntadeandalucia.es\/iesategua\/wp-json\/wp\/v2\/tags?post=9325"}],"curies":[{"name":"wp","href":"https:\/\/api.w.org\/{rel}","templated":true}]}}