{"id":2992,"date":"2021-12-22T14:17:43","date_gmt":"2021-12-22T14:17:43","guid":{"rendered":"https:\/\/blogsaverroes.juntadeandalucia.es\/iesavenmoriel\/?p=2992"},"modified":"2021-12-22T14:38:22","modified_gmt":"2021-12-22T14:38:22","slug":"cuentos-de-navidad","status":"publish","type":"post","link":"https:\/\/blogsaverroes.juntadeandalucia.es\/iesavenmoriel\/2021\/12\/22\/cuentos-de-navidad\/","title":{"rendered":"CUENTOS DE NAVIDAD"},"content":{"rendered":"<p style=\"text-align: center\">Con motivo de la Navidad, los estudiantes de 1 ESO A, junto a su profesora de Lengua castellana y Literatura, B\u00e1rbara Mu\u00f1umer, han realizado unos cuentos navide\u00f1os para reforzar los contenidos sobre la narrativa, el extraordinario g\u00e9nero literario que permite contar las historias y leyendas que empapan nuestra historia humana desde los inicios de los tiempos.<\/p>\n<p>&nbsp;<\/p>\n<p><strong>AUTORAS Y AUTORES:<\/strong><\/p>\n<p><strong>LA MAGIA DE LA NAVIDAD: <\/strong><\/p>\n<table style=\"width: 100%;border-collapse: collapse;border-style: solid;border-color: #ad1fff\">\n<tbody>\n<tr>\n<td style=\"width: 33.3333%;text-align: center\"><a href=\"https:\/\/blogsaverroes.juntadeandalucia.es\/iesavenmoriel\/files\/2021\/12\/Cuentos-1eso-1.jpg\"><img loading=\"lazy\" decoding=\"async\" class=\"alignnone size-medium wp-image-2993\" src=\"https:\/\/blogsaverroes.juntadeandalucia.es\/iesavenmoriel\/files\/2021\/12\/Cuentos-1eso-1-210x300.jpg\" alt=\"\" width=\"210\" height=\"300\" srcset=\"https:\/\/blogsaverroes.juntadeandalucia.es\/iesavenmoriel\/files\/2021\/12\/Cuentos-1eso-1-210x300.jpg 210w, https:\/\/blogsaverroes.juntadeandalucia.es\/iesavenmoriel\/files\/2021\/12\/Cuentos-1eso-1-716x1024.jpg 716w, https:\/\/blogsaverroes.juntadeandalucia.es\/iesavenmoriel\/files\/2021\/12\/Cuentos-1eso-1-768x1099.jpg 768w, https:\/\/blogsaverroes.juntadeandalucia.es\/iesavenmoriel\/files\/2021\/12\/Cuentos-1eso-1-1074x1536.jpg 1074w, https:\/\/blogsaverroes.juntadeandalucia.es\/iesavenmoriel\/files\/2021\/12\/Cuentos-1eso-1-1432x2048.jpg 1432w, https:\/\/blogsaverroes.juntadeandalucia.es\/iesavenmoriel\/files\/2021\/12\/Cuentos-1eso-1.jpg 1118w\" sizes=\"(max-width: 210px) 100vw, 210px\" \/><\/a><\/td>\n<td style=\"width: 33.3333%;text-align: center\"><a href=\"https:\/\/blogsaverroes.juntadeandalucia.es\/iesavenmoriel\/files\/2021\/12\/Cuentos-1eso-2.jpg\"><img loading=\"lazy\" decoding=\"async\" class=\"alignnone size-medium wp-image-2994\" src=\"https:\/\/blogsaverroes.juntadeandalucia.es\/iesavenmoriel\/files\/2021\/12\/Cuentos-1eso-2-212x300.jpg\" alt=\"\" width=\"212\" height=\"300\" srcset=\"https:\/\/blogsaverroes.juntadeandalucia.es\/iesavenmoriel\/files\/2021\/12\/Cuentos-1eso-2-212x300.jpg 212w, https:\/\/blogsaverroes.juntadeandalucia.es\/iesavenmoriel\/files\/2021\/12\/Cuentos-1eso-2-723x1024.jpg 723w, https:\/\/blogsaverroes.juntadeandalucia.es\/iesavenmoriel\/files\/2021\/12\/Cuentos-1eso-2-768x1088.jpg 768w, https:\/\/blogsaverroes.juntadeandalucia.es\/iesavenmoriel\/files\/2021\/12\/Cuentos-1eso-2-1084x1536.jpg 1084w, https:\/\/blogsaverroes.juntadeandalucia.es\/iesavenmoriel\/files\/2021\/12\/Cuentos-1eso-2-1445x2048.jpg 1445w, https:\/\/blogsaverroes.juntadeandalucia.es\/iesavenmoriel\/files\/2021\/12\/Cuentos-1eso-2.jpg 1129w\" sizes=\"(max-width: 212px) 100vw, 212px\" \/><\/a><\/td>\n<td style=\"width: 33.3333%;text-align: center\"><a href=\"https:\/\/blogsaverroes.juntadeandalucia.es\/iesavenmoriel\/files\/2021\/12\/Cuentos-1eso-3.jpg\"><img loading=\"lazy\" decoding=\"async\" class=\"alignnone size-medium wp-image-2995\" src=\"https:\/\/blogsaverroes.juntadeandalucia.es\/iesavenmoriel\/files\/2021\/12\/Cuentos-1eso-3-213x300.jpg\" alt=\"\" width=\"213\" height=\"300\" srcset=\"https:\/\/blogsaverroes.juntadeandalucia.es\/iesavenmoriel\/files\/2021\/12\/Cuentos-1eso-3-213x300.jpg 213w, https:\/\/blogsaverroes.juntadeandalucia.es\/iesavenmoriel\/files\/2021\/12\/Cuentos-1eso-3-728x1024.jpg 728w, https:\/\/blogsaverroes.juntadeandalucia.es\/iesavenmoriel\/files\/2021\/12\/Cuentos-1eso-3-768x1080.jpg 768w, https:\/\/blogsaverroes.juntadeandalucia.es\/iesavenmoriel\/files\/2021\/12\/Cuentos-1eso-3-1092x1536.jpg 1092w, https:\/\/blogsaverroes.juntadeandalucia.es\/iesavenmoriel\/files\/2021\/12\/Cuentos-1eso-3-1456x2048.jpg 1456w, https:\/\/blogsaverroes.juntadeandalucia.es\/iesavenmoriel\/files\/2021\/12\/Cuentos-1eso-3.jpg 1138w\" sizes=\"(max-width: 213px) 100vw, 213px\" \/><\/a><\/td>\n<\/tr>\n<\/tbody>\n<\/table>\n<p>Autoras: <em>Diana Amador Cabrera, Abril Azor Munuera, Claudia Carrillo D\u00edaz, Martha Mart\u00ednez Barea, Lydia Rodr\u00edguez Mart\u00ednez <\/em>y<em>&nbsp;Ainhoa Sanz Mil\u00e1n.<\/em><\/p>\n<p>&nbsp;<\/p>\n<p><strong>CR\u00d3NICAS DE LA NAVIDAD: <\/strong><\/p>\n<table style=\"width: 100%;border-collapse: collapse;border-style: solid;border-color: #f23f35\">\n<tbody>\n<tr>\n<td style=\"width: 20%\"><a href=\"https:\/\/blogsaverroes.juntadeandalucia.es\/iesavenmoriel\/files\/2021\/12\/Cuentos-1eso-4-scaled.jpg\"><img loading=\"lazy\" decoding=\"async\" class=\"alignnone size-medium wp-image-2996\" src=\"https:\/\/blogsaverroes.juntadeandalucia.es\/iesavenmoriel\/files\/2021\/12\/Cuentos-1eso-4-209x300.jpg\" alt=\"\" width=\"209\" height=\"300\" srcset=\"https:\/\/blogsaverroes.juntadeandalucia.es\/iesavenmoriel\/files\/2021\/12\/Cuentos-1eso-4-209x300.jpg 209w, https:\/\/blogsaverroes.juntadeandalucia.es\/iesavenmoriel\/files\/2021\/12\/Cuentos-1eso-4-712x1024.jpg 712w, https:\/\/blogsaverroes.juntadeandalucia.es\/iesavenmoriel\/files\/2021\/12\/Cuentos-1eso-4-768x1104.jpg 768w, https:\/\/blogsaverroes.juntadeandalucia.es\/iesavenmoriel\/files\/2021\/12\/Cuentos-1eso-4-1068x1536.jpg 1068w, https:\/\/blogsaverroes.juntadeandalucia.es\/iesavenmoriel\/files\/2021\/12\/Cuentos-1eso-4-1424x2048.jpg 1424w, https:\/\/blogsaverroes.juntadeandalucia.es\/iesavenmoriel\/files\/2021\/12\/Cuentos-1eso-4-scaled.jpg 1113w\" sizes=\"(max-width: 209px) 100vw, 209px\" \/><\/a><\/td>\n<td style=\"width: 20%\"><a href=\"https:\/\/blogsaverroes.juntadeandalucia.es\/iesavenmoriel\/files\/2021\/12\/Cuentos-1eso-5-scaled.jpg\"><img loading=\"lazy\" decoding=\"async\" class=\"alignnone size-medium wp-image-2997\" src=\"https:\/\/blogsaverroes.juntadeandalucia.es\/iesavenmoriel\/files\/2021\/12\/Cuentos-1eso-5-216x300.jpg\" alt=\"\" width=\"216\" height=\"300\" srcset=\"https:\/\/blogsaverroes.juntadeandalucia.es\/iesavenmoriel\/files\/2021\/12\/Cuentos-1eso-5-216x300.jpg 216w, https:\/\/blogsaverroes.juntadeandalucia.es\/iesavenmoriel\/files\/2021\/12\/Cuentos-1eso-5-736x1024.jpg 736w, https:\/\/blogsaverroes.juntadeandalucia.es\/iesavenmoriel\/files\/2021\/12\/Cuentos-1eso-5-768x1068.jpg 768w, https:\/\/blogsaverroes.juntadeandalucia.es\/iesavenmoriel\/files\/2021\/12\/Cuentos-1eso-5-1104x1536.jpg 1104w, https:\/\/blogsaverroes.juntadeandalucia.es\/iesavenmoriel\/files\/2021\/12\/Cuentos-1eso-5-1472x2048.jpg 1472w, https:\/\/blogsaverroes.juntadeandalucia.es\/iesavenmoriel\/files\/2021\/12\/Cuentos-1eso-5-scaled.jpg 1150w\" sizes=\"(max-width: 216px) 100vw, 216px\" \/><\/a><\/td>\n<td style=\"width: 20%\"><a href=\"https:\/\/blogsaverroes.juntadeandalucia.es\/iesavenmoriel\/files\/2021\/12\/Cuentos-1eso-6-scaled.jpg\"><img loading=\"lazy\" decoding=\"async\" class=\"alignnone size-medium wp-image-2998\" src=\"https:\/\/blogsaverroes.juntadeandalucia.es\/iesavenmoriel\/files\/2021\/12\/Cuentos-1eso-6-216x300.jpg\" alt=\"\" width=\"216\" height=\"300\" srcset=\"https:\/\/blogsaverroes.juntadeandalucia.es\/iesavenmoriel\/files\/2021\/12\/Cuentos-1eso-6-216x300.jpg 216w, https:\/\/blogsaverroes.juntadeandalucia.es\/iesavenmoriel\/files\/2021\/12\/Cuentos-1eso-6-736x1024.jpg 736w, https:\/\/blogsaverroes.juntadeandalucia.es\/iesavenmoriel\/files\/2021\/12\/Cuentos-1eso-6-768x1069.jpg 768w, https:\/\/blogsaverroes.juntadeandalucia.es\/iesavenmoriel\/files\/2021\/12\/Cuentos-1eso-6-1104x1536.jpg 1104w, https:\/\/blogsaverroes.juntadeandalucia.es\/iesavenmoriel\/files\/2021\/12\/Cuentos-1eso-6-1472x2048.jpg 1472w, https:\/\/blogsaverroes.juntadeandalucia.es\/iesavenmoriel\/files\/2021\/12\/Cuentos-1eso-6-scaled.jpg 1150w\" sizes=\"(max-width: 216px) 100vw, 216px\" \/><\/a><\/td>\n<td style=\"width: 20%\"><a href=\"https:\/\/blogsaverroes.juntadeandalucia.es\/iesavenmoriel\/files\/2021\/12\/Cuentos-1eso-7.jpg\"><img loading=\"lazy\" decoding=\"async\" class=\"alignnone size-medium wp-image-2999\" src=\"https:\/\/blogsaverroes.juntadeandalucia.es\/iesavenmoriel\/files\/2021\/12\/Cuentos-1eso-7-218x300.jpg\" alt=\"\" width=\"218\" height=\"300\" srcset=\"https:\/\/blogsaverroes.juntadeandalucia.es\/iesavenmoriel\/files\/2021\/12\/Cuentos-1eso-7-218x300.jpg 218w, https:\/\/blogsaverroes.juntadeandalucia.es\/iesavenmoriel\/files\/2021\/12\/Cuentos-1eso-7-745x1024.jpg 745w, https:\/\/blogsaverroes.juntadeandalucia.es\/iesavenmoriel\/files\/2021\/12\/Cuentos-1eso-7-768x1056.jpg 768w, https:\/\/blogsaverroes.juntadeandalucia.es\/iesavenmoriel\/files\/2021\/12\/Cuentos-1eso-7-1117x1536.jpg 1117w, https:\/\/blogsaverroes.juntadeandalucia.es\/iesavenmoriel\/files\/2021\/12\/Cuentos-1eso-7-1489x2048.jpg 1489w, https:\/\/blogsaverroes.juntadeandalucia.es\/iesavenmoriel\/files\/2021\/12\/Cuentos-1eso-7.jpg 1163w\" sizes=\"(max-width: 218px) 100vw, 218px\" \/><\/a><\/td>\n<td style=\"width: 20%\"><a href=\"https:\/\/blogsaverroes.juntadeandalucia.es\/iesavenmoriel\/files\/2021\/12\/Cuentos-1eso-8.jpg\"><img loading=\"lazy\" decoding=\"async\" class=\"alignnone size-medium wp-image-3000\" src=\"https:\/\/blogsaverroes.juntadeandalucia.es\/iesavenmoriel\/files\/2021\/12\/Cuentos-1eso-8-300x254.jpg\" alt=\"\" width=\"300\" height=\"254\" srcset=\"https:\/\/blogsaverroes.juntadeandalucia.es\/iesavenmoriel\/files\/2021\/12\/Cuentos-1eso-8-300x254.jpg 300w, https:\/\/blogsaverroes.juntadeandalucia.es\/iesavenmoriel\/files\/2021\/12\/Cuentos-1eso-8-1024x866.jpg 1024w, https:\/\/blogsaverroes.juntadeandalucia.es\/iesavenmoriel\/files\/2021\/12\/Cuentos-1eso-8-768x649.jpg 768w, https:\/\/blogsaverroes.juntadeandalucia.es\/iesavenmoriel\/files\/2021\/12\/Cuentos-1eso-8-1536x1298.jpg 1536w, https:\/\/blogsaverroes.juntadeandalucia.es\/iesavenmoriel\/files\/2021\/12\/Cuentos-1eso-8-2048x1731.jpg 2048w, https:\/\/blogsaverroes.juntadeandalucia.es\/iesavenmoriel\/files\/2021\/12\/Cuentos-1eso-8.jpg 1600w\" sizes=\"(max-width: 300px) 100vw, 300px\" \/><\/a><\/td>\n<\/tr>\n<\/tbody>\n<\/table>\n<p><em>Autores:<\/em><em> C\u00e9sar Jord\u00e1n Dur\u00e1n, David Pozo C\u00e1novas, Eliseo Rodr\u00edguez Amador y Pedro S\u00e1nchez Mart\u00ednez.<\/em><\/p>\n<p>&nbsp;<\/p>\n<p><strong>ESPERANDO A PAP\u00c1 NOEL: <\/strong><\/p>\n<table style=\"height: 24px;width: 100%;border-collapse: collapse;border-style: solid;border-color: #018c57\">\n<tbody>\n<tr style=\"height: 24px\">\n<td style=\"width: 33.3333%;height: 24px\"><a href=\"https:\/\/blogsaverroes.juntadeandalucia.es\/iesavenmoriel\/files\/2021\/12\/Cuentos-1eso-9.jpg\"><img loading=\"lazy\" decoding=\"async\" class=\"alignnone size-medium wp-image-3001\" src=\"https:\/\/blogsaverroes.juntadeandalucia.es\/iesavenmoriel\/files\/2021\/12\/Cuentos-1eso-9-214x300.jpg\" alt=\"\" width=\"214\" height=\"300\" srcset=\"https:\/\/blogsaverroes.juntadeandalucia.es\/iesavenmoriel\/files\/2021\/12\/Cuentos-1eso-9-214x300.jpg 214w, https:\/\/blogsaverroes.juntadeandalucia.es\/iesavenmoriel\/files\/2021\/12\/Cuentos-1eso-9-730x1024.jpg 730w, https:\/\/blogsaverroes.juntadeandalucia.es\/iesavenmoriel\/files\/2021\/12\/Cuentos-1eso-9-768x1077.jpg 768w, https:\/\/blogsaverroes.juntadeandalucia.es\/iesavenmoriel\/files\/2021\/12\/Cuentos-1eso-9-1095x1536.jpg 1095w, https:\/\/blogsaverroes.juntadeandalucia.es\/iesavenmoriel\/files\/2021\/12\/Cuentos-1eso-9-1460x2048.jpg 1460w, https:\/\/blogsaverroes.juntadeandalucia.es\/iesavenmoriel\/files\/2021\/12\/Cuentos-1eso-9.jpg 1141w\" sizes=\"(max-width: 214px) 100vw, 214px\" \/><\/a><\/td>\n<td style=\"width: 33.3333%;height: 24px\"><a href=\"https:\/\/blogsaverroes.juntadeandalucia.es\/iesavenmoriel\/files\/2021\/12\/Cuentos-1eso-10.jpg\"><img loading=\"lazy\" decoding=\"async\" class=\"alignnone size-medium wp-image-3002\" src=\"https:\/\/blogsaverroes.juntadeandalucia.es\/iesavenmoriel\/files\/2021\/12\/Cuentos-1eso-10-215x300.jpg\" alt=\"\" width=\"215\" height=\"300\" srcset=\"https:\/\/blogsaverroes.juntadeandalucia.es\/iesavenmoriel\/files\/2021\/12\/Cuentos-1eso-10-215x300.jpg 215w, https:\/\/blogsaverroes.juntadeandalucia.es\/iesavenmoriel\/files\/2021\/12\/Cuentos-1eso-10-733x1024.jpg 733w, https:\/\/blogsaverroes.juntadeandalucia.es\/iesavenmoriel\/files\/2021\/12\/Cuentos-1eso-10-768x1073.jpg 768w, https:\/\/blogsaverroes.juntadeandalucia.es\/iesavenmoriel\/files\/2021\/12\/Cuentos-1eso-10-1099x1536.jpg 1099w, https:\/\/blogsaverroes.juntadeandalucia.es\/iesavenmoriel\/files\/2021\/12\/Cuentos-1eso-10-1466x2048.jpg 1466w, https:\/\/blogsaverroes.juntadeandalucia.es\/iesavenmoriel\/files\/2021\/12\/Cuentos-1eso-10.jpg 1145w\" sizes=\"(max-width: 215px) 100vw, 215px\" \/><\/a><\/td>\n<td style=\"width: 33.3333%;height: 24px\"><a href=\"https:\/\/blogsaverroes.juntadeandalucia.es\/iesavenmoriel\/files\/2021\/12\/Cuentos-1eso-11-scaled.jpg\"><img loading=\"lazy\" decoding=\"async\" class=\"alignnone size-medium wp-image-3003\" src=\"https:\/\/blogsaverroes.juntadeandalucia.es\/iesavenmoriel\/files\/2021\/12\/Cuentos-1eso-11-214x300.jpg\" alt=\"\" width=\"214\" height=\"300\" srcset=\"https:\/\/blogsaverroes.juntadeandalucia.es\/iesavenmoriel\/files\/2021\/12\/Cuentos-1eso-11-214x300.jpg 214w, https:\/\/blogsaverroes.juntadeandalucia.es\/iesavenmoriel\/files\/2021\/12\/Cuentos-1eso-11-730x1024.jpg 730w, https:\/\/blogsaverroes.juntadeandalucia.es\/iesavenmoriel\/files\/2021\/12\/Cuentos-1eso-11-768x1077.jpg 768w, https:\/\/blogsaverroes.juntadeandalucia.es\/iesavenmoriel\/files\/2021\/12\/Cuentos-1eso-11-1095x1536.jpg 1095w, https:\/\/blogsaverroes.juntadeandalucia.es\/iesavenmoriel\/files\/2021\/12\/Cuentos-1eso-11-1460x2048.jpg 1460w, https:\/\/blogsaverroes.juntadeandalucia.es\/iesavenmoriel\/files\/2021\/12\/Cuentos-1eso-11-scaled.jpg 1141w\" sizes=\"(max-width: 214px) 100vw, 214px\" \/><\/a><\/td>\n<\/tr>\n<\/tbody>\n<\/table>\n<p><em>Autores:<\/em><em> Pablo Carri\u00f3n Telkova, Daniel Fern\u00e1ndez Ja\u00e9n, Juan Carlos Graap Fern\u00e1ndez, Jos\u00e9 Manuel Ram\u00f3n Rom\u00e1n.<\/em><\/p>\n<p>&nbsp;<\/p>\n","protected":false},"excerpt":{"rendered":"<p>Con motivo de la Navidad, los estudiantes de 1 ESO A, junto a su profesora de Lengua castellana y Literatura, B\u00e1rbara Mu\u00f1umer, han realizado unos cuentos navide\u00f1os para reforzar los contenidos sobre la narrativa,&#46;&#46;&#46;<\/p>\n","protected":false},"author":9440,"featured_media":3004,"comment_status":"open","ping_status":"open","sticky":false,"template":"","format":"standard","meta":{"ngg_post_thumbnail":0,"footnotes":""},"categories":[25505,526],"tags":[1310191,1310188],"aioseo_notices":[],"_links":{"self":[{"href":"https:\/\/blogsaverroes.juntadeandalucia.es\/iesavenmoriel\/wp-json\/wp\/v2\/posts\/2992"}],"collection":[{"href":"https:\/\/blogsaverroes.juntadeandalucia.es\/iesavenmoriel\/wp-json\/wp\/v2\/posts"}],"about":[{"href":"https:\/\/blogsaverroes.juntadeandalucia.es\/iesavenmoriel\/wp-json\/wp\/v2\/types\/post"}],"author":[{"embeddable":true,"href":"https:\/\/blogsaverroes.juntadeandalucia.es\/iesavenmoriel\/wp-json\/wp\/v2\/users\/9440"}],"replies":[{"embeddable":true,"href":"https:\/\/blogsaverroes.juntadeandalucia.es\/iesavenmoriel\/wp-json\/wp\/v2\/comments?post=2992"}],"version-history":[{"count":1,"href":"https:\/\/blogsaverroes.juntadeandalucia.es\/iesavenmoriel\/wp-json\/wp\/v2\/posts\/2992\/revisions"}],"predecessor-version":[{"id":3005,"href":"https:\/\/blogsaverroes.juntadeandalucia.es\/iesavenmoriel\/wp-json\/wp\/v2\/posts\/2992\/revisions\/3005"}],"wp:featuredmedia":[{"embeddable":true,"href":"https:\/\/blogsaverroes.juntadeandalucia.es\/iesavenmoriel\/wp-json\/wp\/v2\/media\/3004"}],"wp:attachment":[{"href":"https:\/\/blogsaverroes.juntadeandalucia.es\/iesavenmoriel\/wp-json\/wp\/v2\/media?parent=2992"}],"wp:term":[{"taxonomy":"category","embeddable":true,"href":"https:\/\/blogsaverroes.juntadeandalucia.es\/iesavenmoriel\/wp-json\/wp\/v2\/categories?post=2992"},{"taxonomy":"post_tag","embeddable":true,"href":"https:\/\/blogsaverroes.juntadeandalucia.es\/iesavenmoriel\/wp-json\/wp\/v2\/tags?post=2992"}],"curies":[{"name":"wp","href":"https:\/\/api.w.org\/{rel}","templated":true}]}}