{"id":2534,"date":"2019-03-18T10:05:08","date_gmt":"2019-03-18T10:05:08","guid":{"rendered":"https:\/\/blogsaverroes.juntadeandalucia.es\/iesaxati\/?p=2534"},"modified":"2019-05-10T15:00:02","modified_gmt":"2019-05-10T15:00:02","slug":"nos-visitan-los-alumnos-del-ceip-san-jose-de-calasanz","status":"publish","type":"post","link":"https:\/\/blogsaverroes.juntadeandalucia.es\/iesaxati\/?p=2534","title":{"rendered":"Nos visitan los alumnos del CEIP San Jos\u00e9 de Calasanz"},"content":{"rendered":"<p><a href=\"https:\/\/blogsaverroes.juntadeandalucia.es\/iesaxati\/files\/2019\/04\/calasanz1.jpg\"><img decoding=\"async\" class=\"alignnone size-medium wp-image-2535\" src=\"https:\/\/blogsaverroes.juntadeandalucia.es\/iesaxati\/files\/2019\/04\/calasanz1-300x159.jpg\" alt=\"\" width=\"300\" height=\"159\" srcset=\"https:\/\/blogsaverroes.juntadeandalucia.es\/iesaxati\/files\/2019\/04\/calasanz1-300x159.jpg 300w, https:\/\/blogsaverroes.juntadeandalucia.es\/iesaxati\/files\/2019\/04\/calasanz1-24x13.jpg 24w, https:\/\/blogsaverroes.juntadeandalucia.es\/iesaxati\/files\/2019\/04\/calasanz1-36x19.jpg 36w, https:\/\/blogsaverroes.juntadeandalucia.es\/iesaxati\/files\/2019\/04\/calasanz1-48x25.jpg 48w, https:\/\/blogsaverroes.juntadeandalucia.es\/iesaxati\/files\/2019\/04\/calasanz1.jpg 960w\" sizes=\"(max-width: 300px) 100vw, 300px\" \/><\/a> <a href=\"https:\/\/blogsaverroes.juntadeandalucia.es\/iesaxati\/files\/2019\/04\/calasanz3.jpg\"><img fetchpriority=\"high\" decoding=\"async\" class=\"alignnone size-medium wp-image-2536\" src=\"https:\/\/blogsaverroes.juntadeandalucia.es\/iesaxati\/files\/2019\/04\/calasanz3-300x225.jpg\" alt=\"\" width=\"300\" height=\"225\" srcset=\"https:\/\/blogsaverroes.juntadeandalucia.es\/iesaxati\/files\/2019\/04\/calasanz3-300x225.jpg 300w, https:\/\/blogsaverroes.juntadeandalucia.es\/iesaxati\/files\/2019\/04\/calasanz3-24x18.jpg 24w, https:\/\/blogsaverroes.juntadeandalucia.es\/iesaxati\/files\/2019\/04\/calasanz3-36x27.jpg 36w, https:\/\/blogsaverroes.juntadeandalucia.es\/iesaxati\/files\/2019\/04\/calasanz3-48x36.jpg 48w, https:\/\/blogsaverroes.juntadeandalucia.es\/iesaxati\/files\/2019\/04\/calasanz3.jpg 960w\" sizes=\"(max-width: 300px) 100vw, 300px\" \/><\/a> <a href=\"https:\/\/blogsaverroes.juntadeandalucia.es\/iesaxati\/files\/2019\/04\/calasanz5.jpg\"><img decoding=\"async\" class=\"alignnone size-medium wp-image-2537\" src=\"https:\/\/blogsaverroes.juntadeandalucia.es\/iesaxati\/files\/2019\/04\/calasanz5-300x225.jpg\" alt=\"\" width=\"300\" height=\"225\" srcset=\"https:\/\/blogsaverroes.juntadeandalucia.es\/iesaxati\/files\/2019\/04\/calasanz5-300x225.jpg 300w, https:\/\/blogsaverroes.juntadeandalucia.es\/iesaxati\/files\/2019\/04\/calasanz5-24x18.jpg 24w, https:\/\/blogsaverroes.juntadeandalucia.es\/iesaxati\/files\/2019\/04\/calasanz5-36x27.jpg 36w, https:\/\/blogsaverroes.juntadeandalucia.es\/iesaxati\/files\/2019\/04\/calasanz5-48x36.jpg 48w, https:\/\/blogsaverroes.juntadeandalucia.es\/iesaxati\/files\/2019\/04\/calasanz5.jpg 960w\" sizes=\"(max-width: 300px) 100vw, 300px\" \/><\/a><\/p>\n<p>Los alumnos del CEIP San Jos\u00e9 de Calasanz nos han visitado para conocer el que ser\u00e1 su centro en el pr\u00f3ximo curso acad\u00e9mico. Actividad recogida en el programa de tr\u00e1nsito.<\/p>\n","protected":false},"excerpt":{"rendered":"<p>Los alumnos del CEIP San Jos\u00e9 de Calasanz nos han visitado para conocer el que ser\u00e1 su centro en el pr\u00f3ximo curso acad\u00e9mico. Actividad recogida en el programa de tr\u00e1nsito.<\/p>\n","protected":false},"author":7453,"featured_media":2535,"comment_status":"closed","ping_status":"open","sticky":false,"template":"","format":"standard","meta":{"ngg_post_thumbnail":0,"footnotes":""},"categories":[196430],"tags":[],"aioseo_notices":[],"_links":{"self":[{"href":"https:\/\/blogsaverroes.juntadeandalucia.es\/iesaxati\/index.php?rest_route=\/wp\/v2\/posts\/2534"}],"collection":[{"href":"https:\/\/blogsaverroes.juntadeandalucia.es\/iesaxati\/index.php?rest_route=\/wp\/v2\/posts"}],"about":[{"href":"https:\/\/blogsaverroes.juntadeandalucia.es\/iesaxati\/index.php?rest_route=\/wp\/v2\/types\/post"}],"author":[{"embeddable":true,"href":"https:\/\/blogsaverroes.juntadeandalucia.es\/iesaxati\/index.php?rest_route=\/wp\/v2\/users\/7453"}],"replies":[{"embeddable":true,"href":"https:\/\/blogsaverroes.juntadeandalucia.es\/iesaxati\/index.php?rest_route=%2Fwp%2Fv2%2Fcomments&post=2534"}],"version-history":[{"count":1,"href":"https:\/\/blogsaverroes.juntadeandalucia.es\/iesaxati\/index.php?rest_route=\/wp\/v2\/posts\/2534\/revisions"}],"predecessor-version":[{"id":2538,"href":"https:\/\/blogsaverroes.juntadeandalucia.es\/iesaxati\/index.php?rest_route=\/wp\/v2\/posts\/2534\/revisions\/2538"}],"wp:featuredmedia":[{"embeddable":true,"href":"https:\/\/blogsaverroes.juntadeandalucia.es\/iesaxati\/index.php?rest_route=\/wp\/v2\/media\/2535"}],"wp:attachment":[{"href":"https:\/\/blogsaverroes.juntadeandalucia.es\/iesaxati\/index.php?rest_route=%2Fwp%2Fv2%2Fmedia&parent=2534"}],"wp:term":[{"taxonomy":"category","embeddable":true,"href":"https:\/\/blogsaverroes.juntadeandalucia.es\/iesaxati\/index.php?rest_route=%2Fwp%2Fv2%2Fcategories&post=2534"},{"taxonomy":"post_tag","embeddable":true,"href":"https:\/\/blogsaverroes.juntadeandalucia.es\/iesaxati\/index.php?rest_route=%2Fwp%2Fv2%2Ftags&post=2534"}],"curies":[{"name":"wp","href":"https:\/\/api.w.org\/{rel}","templated":true}]}}