{"id":2895,"date":"2019-05-18T21:44:53","date_gmt":"2019-05-18T21:44:53","guid":{"rendered":"https:\/\/blogsaverroes.juntadeandalucia.es\/iesaxati\/?p=2895"},"modified":"2019-05-18T21:45:32","modified_gmt":"2019-05-18T21:45:32","slug":"lora-del-rio-juan-roig-apuesta-por-el-emprendimiento-loreno","status":"publish","type":"post","link":"https:\/\/blogsaverroes.juntadeandalucia.es\/iesaxati\/?p=2895","title":{"rendered":"Lora del R\u00edo: Juan Roig apuesta por el emprendimiento lore\u00f1o"},"content":{"rendered":"<p class=\"subtitulo\">El proyecto Crowdence de dos j\u00f3venes de Lora del R\u00edo ha sido seleccionado por la aceleradora de empresas del presidente de Mercadona<\/p>\n<p><a href=\"https:\/\/blogsaverroes.juntadeandalucia.es\/iesaxati\/files\/2019\/05\/lanzadera.jpeg\"><img fetchpriority=\"high\" decoding=\"async\" class=\"size-medium wp-image-2896 alignleft\" src=\"https:\/\/blogsaverroes.juntadeandalucia.es\/iesaxati\/files\/2019\/05\/lanzadera-300x169.jpeg\" alt=\"\" width=\"300\" height=\"169\" srcset=\"https:\/\/blogsaverroes.juntadeandalucia.es\/iesaxati\/files\/2019\/05\/lanzadera-300x169.jpeg 300w, https:\/\/blogsaverroes.juntadeandalucia.es\/iesaxati\/files\/2019\/05\/lanzadera-24x14.jpeg 24w, https:\/\/blogsaverroes.juntadeandalucia.es\/iesaxati\/files\/2019\/05\/lanzadera-36x20.jpeg 36w, https:\/\/blogsaverroes.juntadeandalucia.es\/iesaxati\/files\/2019\/05\/lanzadera-48x27.jpeg 48w, https:\/\/blogsaverroes.juntadeandalucia.es\/iesaxati\/files\/2019\/05\/lanzadera.jpeg 620w\" sizes=\"(max-width: 300px) 100vw, 300px\" \/><\/a><\/p>\n<p>&nbsp;<\/p>\n<p>&nbsp;<\/p>\n<p>&nbsp;<\/p>\n<p>&nbsp;<\/p>\n<p>&nbsp;<\/p>\n<p>Los lore\u00f1os Juan Quir\u00f3s y Adri\u00e1n Ruiz, dos de los fundadores de Crowdence &#8211;&nbsp;<span class=\"firma\">L. G.<\/span><br \/>\n<a href=\"https:\/\/sevilla.abc.es\/provincia\/sevi-lora-mercadona-apuesta-emprendimiento-loreno-201905150738_noticia.html\" rel=\"noopener\" target=\"_blank\">ABCdeSevilla<\/a><br \/>\n&nbsp;<\/p>\n","protected":false},"excerpt":{"rendered":"<p>El proyecto Crowdence de dos j\u00f3venes de Lora del R\u00edo ha sido seleccionado por la aceleradora de empresas del presidente de Mercadona &nbsp; &nbsp; &nbsp; &nbsp; &nbsp; Los lore\u00f1os Juan Quir\u00f3s y Adri\u00e1n Ruiz,&#46;&#46;&#46;<\/p>\n","protected":false},"author":7453,"featured_media":2896,"comment_status":"closed","ping_status":"open","sticky":false,"template":"","format":"standard","meta":{"ngg_post_thumbnail":0,"footnotes":""},"categories":[598105],"tags":[],"aioseo_notices":[],"_links":{"self":[{"href":"https:\/\/blogsaverroes.juntadeandalucia.es\/iesaxati\/index.php?rest_route=\/wp\/v2\/posts\/2895"}],"collection":[{"href":"https:\/\/blogsaverroes.juntadeandalucia.es\/iesaxati\/index.php?rest_route=\/wp\/v2\/posts"}],"about":[{"href":"https:\/\/blogsaverroes.juntadeandalucia.es\/iesaxati\/index.php?rest_route=\/wp\/v2\/types\/post"}],"author":[{"embeddable":true,"href":"https:\/\/blogsaverroes.juntadeandalucia.es\/iesaxati\/index.php?rest_route=\/wp\/v2\/users\/7453"}],"replies":[{"embeddable":true,"href":"https:\/\/blogsaverroes.juntadeandalucia.es\/iesaxati\/index.php?rest_route=%2Fwp%2Fv2%2Fcomments&post=2895"}],"version-history":[{"count":1,"href":"https:\/\/blogsaverroes.juntadeandalucia.es\/iesaxati\/index.php?rest_route=\/wp\/v2\/posts\/2895\/revisions"}],"predecessor-version":[{"id":2897,"href":"https:\/\/blogsaverroes.juntadeandalucia.es\/iesaxati\/index.php?rest_route=\/wp\/v2\/posts\/2895\/revisions\/2897"}],"wp:featuredmedia":[{"embeddable":true,"href":"https:\/\/blogsaverroes.juntadeandalucia.es\/iesaxati\/index.php?rest_route=\/wp\/v2\/media\/2896"}],"wp:attachment":[{"href":"https:\/\/blogsaverroes.juntadeandalucia.es\/iesaxati\/index.php?rest_route=%2Fwp%2Fv2%2Fmedia&parent=2895"}],"wp:term":[{"taxonomy":"category","embeddable":true,"href":"https:\/\/blogsaverroes.juntadeandalucia.es\/iesaxati\/index.php?rest_route=%2Fwp%2Fv2%2Fcategories&post=2895"},{"taxonomy":"post_tag","embeddable":true,"href":"https:\/\/blogsaverroes.juntadeandalucia.es\/iesaxati\/index.php?rest_route=%2Fwp%2Fv2%2Ftags&post=2895"}],"curies":[{"name":"wp","href":"https:\/\/api.w.org\/{rel}","templated":true}]}}