{"id":3352,"date":"2019-10-23T11:08:12","date_gmt":"2019-10-23T11:08:12","guid":{"rendered":"https:\/\/blogsaverroes.juntadeandalucia.es\/iesaxati\/?p=3352"},"modified":"2019-11-07T12:50:30","modified_gmt":"2019-11-07T12:50:30","slug":"horario-biblioteca","status":"publish","type":"post","link":"https:\/\/blogsaverroes.juntadeandalucia.es\/iesaxati\/?p=3352","title":{"rendered":"Horario biblioteca"},"content":{"rendered":"<p>Ya est\u00e1 funcionando el sistema de pr\u00e9stamos de la biblioteca en el horario de recreo. Los profesores responsables del sistema de pr\u00e9stamos son:<\/p>\n<table style=\"height: 152px\" width=\"469\">\n<tbody>\n<tr>\n<td style=\"width: 226.667px\">&nbsp;<\/p>\n<p>&nbsp;<\/p>\n<p>LUNES<\/td>\n<td style=\"width: 226.667px\"><img decoding=\"async\" class=\"alignnone wp-image-3365\" src=\"https:\/\/blogsaverroes.juntadeandalucia.es\/iesaxati\/files\/2019\/10\/PHOTO-2019-10-23-15-33-06-300x260.jpg\" alt=\"\" width=\"202\" height=\"174\" srcset=\"https:\/\/blogsaverroes.juntadeandalucia.es\/iesaxati\/files\/2019\/10\/PHOTO-2019-10-23-15-33-06-300x260.jpg 300w, https:\/\/blogsaverroes.juntadeandalucia.es\/iesaxati\/files\/2019\/10\/PHOTO-2019-10-23-15-33-06-24x21.jpg 24w, https:\/\/blogsaverroes.juntadeandalucia.es\/iesaxati\/files\/2019\/10\/PHOTO-2019-10-23-15-33-06-36x31.jpg 36w, https:\/\/blogsaverroes.juntadeandalucia.es\/iesaxati\/files\/2019\/10\/PHOTO-2019-10-23-15-33-06-48x42.jpg 48w, https:\/\/blogsaverroes.juntadeandalucia.es\/iesaxati\/files\/2019\/10\/PHOTO-2019-10-23-15-33-06.jpg 514w\" sizes=\"(max-width: 202px) 100vw, 202px\" \/><\/p>\n<p>Pastora Hern\u00e1ndez<\/td>\n<\/tr>\n<tr>\n<td style=\"width: 226.667px\">MARTES<\/td>\n<td style=\"width: 226.667px\"><img decoding=\"async\" class=\"alignnone wp-image-3362\" src=\"https:\/\/blogsaverroes.juntadeandalucia.es\/iesaxati\/files\/2019\/10\/Ana-207x300.jpg\" alt=\"\" width=\"162\" height=\"234\" srcset=\"https:\/\/blogsaverroes.juntadeandalucia.es\/iesaxati\/files\/2019\/10\/Ana-207x300.jpg 207w, https:\/\/blogsaverroes.juntadeandalucia.es\/iesaxati\/files\/2019\/10\/Ana-17x24.jpg 17w, https:\/\/blogsaverroes.juntadeandalucia.es\/iesaxati\/files\/2019\/10\/Ana-25x36.jpg 25w, https:\/\/blogsaverroes.juntadeandalucia.es\/iesaxati\/files\/2019\/10\/Ana-33x48.jpg 33w, https:\/\/blogsaverroes.juntadeandalucia.es\/iesaxati\/files\/2019\/10\/Ana.jpg 435w\" sizes=\"(max-width: 162px) 100vw, 162px\" \/><\/p>\n<p>Ana Salado<\/td>\n<\/tr>\n<tr>\n<td style=\"width: 226.667px\">MI\u00c9RCOLES<\/td>\n<td style=\"width: 226.667px\"><img decoding=\"async\" class=\"alignnone wp-image-3359\" src=\"https:\/\/blogsaverroes.juntadeandalucia.es\/iesaxati\/files\/2019\/10\/Consuelo-192x300.jpg\" alt=\"\" width=\"152\" height=\"238\" srcset=\"https:\/\/blogsaverroes.juntadeandalucia.es\/iesaxati\/files\/2019\/10\/Consuelo-192x300.jpg 192w, https:\/\/blogsaverroes.juntadeandalucia.es\/iesaxati\/files\/2019\/10\/Consuelo-15x24.jpg 15w, https:\/\/blogsaverroes.juntadeandalucia.es\/iesaxati\/files\/2019\/10\/Consuelo-23x36.jpg 23w, https:\/\/blogsaverroes.juntadeandalucia.es\/iesaxati\/files\/2019\/10\/Consuelo-31x48.jpg 31w, https:\/\/blogsaverroes.juntadeandalucia.es\/iesaxati\/files\/2019\/10\/Consuelo.jpg 348w\" sizes=\"(max-width: 152px) 100vw, 152px\" \/><\/p>\n<p>Consuelo Peralta<\/td>\n<\/tr>\n<tr>\n<td style=\"width: 226.667px\">JUEVES<\/td>\n<td style=\"width: 226.667px\"><img loading=\"lazy\" decoding=\"async\" class=\"alignnone wp-image-3368\" src=\"https:\/\/blogsaverroes.juntadeandalucia.es\/iesaxati\/files\/2019\/10\/Cristina-Blanco-250x300.jpg\" alt=\"\" width=\"160\" height=\"191\" srcset=\"https:\/\/blogsaverroes.juntadeandalucia.es\/iesaxati\/files\/2019\/10\/Cristina-Blanco-250x300.jpg 250w, https:\/\/blogsaverroes.juntadeandalucia.es\/iesaxati\/files\/2019\/10\/Cristina-Blanco-768x923.jpg 768w, https:\/\/blogsaverroes.juntadeandalucia.es\/iesaxati\/files\/2019\/10\/Cristina-Blanco-852x1024.jpg 852w, https:\/\/blogsaverroes.juntadeandalucia.es\/iesaxati\/files\/2019\/10\/Cristina-Blanco-20x24.jpg 20w, https:\/\/blogsaverroes.juntadeandalucia.es\/iesaxati\/files\/2019\/10\/Cristina-Blanco-30x36.jpg 30w, https:\/\/blogsaverroes.juntadeandalucia.es\/iesaxati\/files\/2019\/10\/Cristina-Blanco-40x48.jpg 40w, https:\/\/blogsaverroes.juntadeandalucia.es\/iesaxati\/files\/2019\/10\/Cristina-Blanco.jpg 952w\" sizes=\"(max-width: 160px) 100vw, 160px\" \/><\/p>\n<p>Cristina Blanco<\/td>\n<\/tr>\n<tr>\n<td style=\"width: 226.667px\">VIERNES<\/td>\n<td style=\"width: 226.667px\"><img loading=\"lazy\" decoding=\"async\" class=\"alignnone size-medium wp-image-3394\" src=\"https:\/\/blogsaverroes.juntadeandalucia.es\/iesaxati\/files\/2019\/11\/lola-146x300.jpg\" alt=\"\" width=\"146\" height=\"300\" srcset=\"https:\/\/blogsaverroes.juntadeandalucia.es\/iesaxati\/files\/2019\/11\/lola-146x300.jpg 146w, https:\/\/blogsaverroes.juntadeandalucia.es\/iesaxati\/files\/2019\/11\/lola-768x1581.jpg 768w, https:\/\/blogsaverroes.juntadeandalucia.es\/iesaxati\/files\/2019\/11\/lola-497x1024.jpg 497w, https:\/\/blogsaverroes.juntadeandalucia.es\/iesaxati\/files\/2019\/11\/lola-12x24.jpg 12w, https:\/\/blogsaverroes.juntadeandalucia.es\/iesaxati\/files\/2019\/11\/lola-17x36.jpg 17w, https:\/\/blogsaverroes.juntadeandalucia.es\/iesaxati\/files\/2019\/11\/lola-23x48.jpg 23w, https:\/\/blogsaverroes.juntadeandalucia.es\/iesaxati\/files\/2019\/11\/lola.jpg 777w\" sizes=\"(max-width: 146px) 100vw, 146px\" \/><\/p>\n<p>Dolores Guirado<\/td>\n<\/tr>\n<\/tbody>\n<\/table>\n","protected":false},"excerpt":{"rendered":"<p>Ya est\u00e1 funcionando el sistema de pr\u00e9stamos de la biblioteca en el horario de recreo. Los profesores responsables del sistema de pr\u00e9stamos son: &nbsp; &nbsp; LUNES Pastora Hern\u00e1ndez MARTES Ana Salado MI\u00c9RCOLES Consuelo Peralta&#46;&#46;&#46;<\/p>\n","protected":false},"author":7453,"featured_media":3351,"comment_status":"closed","ping_status":"open","sticky":false,"template":"","format":"standard","meta":{"ngg_post_thumbnail":0,"footnotes":""},"categories":[213],"tags":[],"aioseo_notices":[],"_links":{"self":[{"href":"https:\/\/blogsaverroes.juntadeandalucia.es\/iesaxati\/index.php?rest_route=\/wp\/v2\/posts\/3352"}],"collection":[{"href":"https:\/\/blogsaverroes.juntadeandalucia.es\/iesaxati\/index.php?rest_route=\/wp\/v2\/posts"}],"about":[{"href":"https:\/\/blogsaverroes.juntadeandalucia.es\/iesaxati\/index.php?rest_route=\/wp\/v2\/types\/post"}],"author":[{"embeddable":true,"href":"https:\/\/blogsaverroes.juntadeandalucia.es\/iesaxati\/index.php?rest_route=\/wp\/v2\/users\/7453"}],"replies":[{"embeddable":true,"href":"https:\/\/blogsaverroes.juntadeandalucia.es\/iesaxati\/index.php?rest_route=%2Fwp%2Fv2%2Fcomments&post=3352"}],"version-history":[{"count":6,"href":"https:\/\/blogsaverroes.juntadeandalucia.es\/iesaxati\/index.php?rest_route=\/wp\/v2\/posts\/3352\/revisions"}],"predecessor-version":[{"id":3395,"href":"https:\/\/blogsaverroes.juntadeandalucia.es\/iesaxati\/index.php?rest_route=\/wp\/v2\/posts\/3352\/revisions\/3395"}],"wp:featuredmedia":[{"embeddable":true,"href":"https:\/\/blogsaverroes.juntadeandalucia.es\/iesaxati\/index.php?rest_route=\/wp\/v2\/media\/3351"}],"wp:attachment":[{"href":"https:\/\/blogsaverroes.juntadeandalucia.es\/iesaxati\/index.php?rest_route=%2Fwp%2Fv2%2Fmedia&parent=3352"}],"wp:term":[{"taxonomy":"category","embeddable":true,"href":"https:\/\/blogsaverroes.juntadeandalucia.es\/iesaxati\/index.php?rest_route=%2Fwp%2Fv2%2Fcategories&post=3352"},{"taxonomy":"post_tag","embeddable":true,"href":"https:\/\/blogsaverroes.juntadeandalucia.es\/iesaxati\/index.php?rest_route=%2Fwp%2Fv2%2Ftags&post=3352"}],"curies":[{"name":"wp","href":"https:\/\/api.w.org\/{rel}","templated":true}]}}