{"id":4446,"date":"2021-09-28T19:54:36","date_gmt":"2021-09-28T19:54:36","guid":{"rendered":"https:\/\/blogsaverroes.juntadeandalucia.es\/iesaxati\/?p=4446"},"modified":"2022-03-03T17:41:29","modified_gmt":"2022-03-03T17:41:29","slug":"relacion-de-personas-admitidas-y-no-admitidas-al-procedimiento-de-evaluacion-y-acreditacion-de-las-competencias-profesionales","status":"publish","type":"post","link":"https:\/\/blogsaverroes.juntadeandalucia.es\/iesaxati\/?p=4446","title":{"rendered":"Relaci\u00f3n de personas admitidas y no admitidas al procedimiento de evaluaci\u00f3n y acreditaci\u00f3n de las competencias profesionales"},"content":{"rendered":"<p><img fetchpriority=\"high\" decoding=\"async\" class=\"alignnone wp-image-4448 size-full\" src=\"https:\/\/blogsaverroes.juntadeandalucia.es\/iesaxati\/files\/2021\/09\/convproFIRMADO_page-0001.jpg\" alt=\"\" width=\"1600\" height=\"1600\" srcset=\"https:\/\/blogsaverroes.juntadeandalucia.es\/iesaxati\/files\/2021\/09\/convproFIRMADO_page-0001.jpg 1600w, https:\/\/blogsaverroes.juntadeandalucia.es\/iesaxati\/files\/2021\/09\/convproFIRMADO_page-0001-300x300.jpg 300w, https:\/\/blogsaverroes.juntadeandalucia.es\/iesaxati\/files\/2021\/09\/convproFIRMADO_page-0001-1024x1024.jpg 1024w, https:\/\/blogsaverroes.juntadeandalucia.es\/iesaxati\/files\/2021\/09\/convproFIRMADO_page-0001-150x150.jpg 150w, https:\/\/blogsaverroes.juntadeandalucia.es\/iesaxati\/files\/2021\/09\/convproFIRMADO_page-0001-768x768.jpg 768w, https:\/\/blogsaverroes.juntadeandalucia.es\/iesaxati\/files\/2021\/09\/convproFIRMADO_page-0001-100x100.jpg 100w, https:\/\/blogsaverroes.juntadeandalucia.es\/iesaxati\/files\/2021\/09\/convproFIRMADO_page-0001-1536x1536.jpg 1536w, https:\/\/blogsaverroes.juntadeandalucia.es\/iesaxati\/files\/2021\/09\/convproFIRMADO_page-0001-80x80.jpg 80w, https:\/\/blogsaverroes.juntadeandalucia.es\/iesaxati\/files\/2021\/09\/convproFIRMADO_page-0001-320x320.jpg 320w\" sizes=\"(max-width: 1600px) 100vw, 1600px\" \/> <img decoding=\"async\" class=\"alignnone wp-image-4449 size-full\" src=\"https:\/\/blogsaverroes.juntadeandalucia.es\/iesaxati\/files\/2021\/09\/convproFIRMADO_page-0002.jpg\" alt=\"\" width=\"1600\" height=\"1600\" srcset=\"https:\/\/blogsaverroes.juntadeandalucia.es\/iesaxati\/files\/2021\/09\/convproFIRMADO_page-0002.jpg 1600w, https:\/\/blogsaverroes.juntadeandalucia.es\/iesaxati\/files\/2021\/09\/convproFIRMADO_page-0002-300x300.jpg 300w, https:\/\/blogsaverroes.juntadeandalucia.es\/iesaxati\/files\/2021\/09\/convproFIRMADO_page-0002-1024x1024.jpg 1024w, https:\/\/blogsaverroes.juntadeandalucia.es\/iesaxati\/files\/2021\/09\/convproFIRMADO_page-0002-150x150.jpg 150w, https:\/\/blogsaverroes.juntadeandalucia.es\/iesaxati\/files\/2021\/09\/convproFIRMADO_page-0002-768x768.jpg 768w, https:\/\/blogsaverroes.juntadeandalucia.es\/iesaxati\/files\/2021\/09\/convproFIRMADO_page-0002-100x100.jpg 100w, https:\/\/blogsaverroes.juntadeandalucia.es\/iesaxati\/files\/2021\/09\/convproFIRMADO_page-0002-1536x1536.jpg 1536w, https:\/\/blogsaverroes.juntadeandalucia.es\/iesaxati\/files\/2021\/09\/convproFIRMADO_page-0002-80x80.jpg 80w, https:\/\/blogsaverroes.juntadeandalucia.es\/iesaxati\/files\/2021\/09\/convproFIRMADO_page-0002-320x320.jpg 320w\" sizes=\"(max-width: 1600px) 100vw, 1600px\" \/><\/p>\n","protected":false},"excerpt":{"rendered":"","protected":false},"author":7453,"featured_media":4450,"comment_status":"closed","ping_status":"open","sticky":false,"template":"","format":"standard","meta":{"ngg_post_thumbnail":0,"footnotes":""},"categories":[1865624,1865620],"tags":[],"aioseo_notices":[],"_links":{"self":[{"href":"https:\/\/blogsaverroes.juntadeandalucia.es\/iesaxati\/index.php?rest_route=\/wp\/v2\/posts\/4446"}],"collection":[{"href":"https:\/\/blogsaverroes.juntadeandalucia.es\/iesaxati\/index.php?rest_route=\/wp\/v2\/posts"}],"about":[{"href":"https:\/\/blogsaverroes.juntadeandalucia.es\/iesaxati\/index.php?rest_route=\/wp\/v2\/types\/post"}],"author":[{"embeddable":true,"href":"https:\/\/blogsaverroes.juntadeandalucia.es\/iesaxati\/index.php?rest_route=\/wp\/v2\/users\/7453"}],"replies":[{"embeddable":true,"href":"https:\/\/blogsaverroes.juntadeandalucia.es\/iesaxati\/index.php?rest_route=%2Fwp%2Fv2%2Fcomments&post=4446"}],"version-history":[{"count":1,"href":"https:\/\/blogsaverroes.juntadeandalucia.es\/iesaxati\/index.php?rest_route=\/wp\/v2\/posts\/4446\/revisions"}],"predecessor-version":[{"id":4451,"href":"https:\/\/blogsaverroes.juntadeandalucia.es\/iesaxati\/index.php?rest_route=\/wp\/v2\/posts\/4446\/revisions\/4451"}],"wp:featuredmedia":[{"embeddable":true,"href":"https:\/\/blogsaverroes.juntadeandalucia.es\/iesaxati\/index.php?rest_route=\/wp\/v2\/media\/4450"}],"wp:attachment":[{"href":"https:\/\/blogsaverroes.juntadeandalucia.es\/iesaxati\/index.php?rest_route=%2Fwp%2Fv2%2Fmedia&parent=4446"}],"wp:term":[{"taxonomy":"category","embeddable":true,"href":"https:\/\/blogsaverroes.juntadeandalucia.es\/iesaxati\/index.php?rest_route=%2Fwp%2Fv2%2Fcategories&post=4446"},{"taxonomy":"post_tag","embeddable":true,"href":"https:\/\/blogsaverroes.juntadeandalucia.es\/iesaxati\/index.php?rest_route=%2Fwp%2Fv2%2Ftags&post=4446"}],"curies":[{"name":"wp","href":"https:\/\/api.w.org\/{rel}","templated":true}]}}