{"id":4981,"date":"2022-03-03T16:42:52","date_gmt":"2022-03-03T16:42:52","guid":{"rendered":"https:\/\/blogsaverroes.juntadeandalucia.es\/iesaxati\/?p=4981"},"modified":"2022-03-03T16:53:10","modified_gmt":"2022-03-03T16:53:10","slug":"formacion-en-prevencion-en-riesgos-laborales-riegos-electricos","status":"publish","type":"post","link":"https:\/\/blogsaverroes.juntadeandalucia.es\/iesaxati\/?p=4981","title":{"rendered":"Formaci\u00f3n en Prevenci\u00f3n en Riesgos Laborales (riegos el\u00e9ctricos)"},"content":{"rendered":"<p>Nuestro alumnado de 2\u00b0 curso de los ciclos formativos de Sistemas Electrot\u00e9cnicos y Automatizados, Instalaciones El\u00e9ctricas y Autom\u00e1ticas, Sistemas de Telecomunicaciones e Inform\u00e1ticos y Formaci\u00f3n Profesional B\u00e1sica, recibieron ayer mi\u00e9rcoles formaci\u00f3n en prevenci\u00f3n en riesgos laborales -PRL- (riesgos el\u00e9ctricos) impartida por el Centro de PRL de Sevilla, que les ser\u00e1 de gran utilidad de cara a su pr\u00f3xima incorporaci\u00f3n a las empresas donde realizar\u00e1n su formaci\u00f3n en centro de trabajo.<\/p>\n<p><img fetchpriority=\"high\" decoding=\"async\" class=\"alignnone size-full wp-image-4982\" src=\"https:\/\/blogsaverroes.juntadeandalucia.es\/iesaxati\/files\/2022\/03\/1-2.jpg\" alt=\"\" width=\"768\" height=\"1024\" srcset=\"https:\/\/blogsaverroes.juntadeandalucia.es\/iesaxati\/files\/2022\/03\/1-2.jpg 768w, https:\/\/blogsaverroes.juntadeandalucia.es\/iesaxati\/files\/2022\/03\/1-2-225x300.jpg 225w\" sizes=\"(max-width: 768px) 100vw, 768px\" \/><\/p>\n","protected":false},"excerpt":{"rendered":"<p>Nuestro alumnado de 2\u00b0 curso de los ciclos formativos de Sistemas Electrot\u00e9cnicos y Automatizados, Instalaciones El\u00e9ctricas y Autom\u00e1ticas, Sistemas de Telecomunicaciones e Inform\u00e1ticos y Formaci\u00f3n Profesional B\u00e1sica, recibieron ayer mi\u00e9rcoles formaci\u00f3n en prevenci\u00f3n en&#46;&#46;&#46;<\/p>\n","protected":false},"author":7453,"featured_media":4983,"comment_status":"closed","ping_status":"open","sticky":false,"template":"","format":"standard","meta":{"ngg_post_thumbnail":0,"footnotes":""},"categories":[1007332,1865623],"tags":[],"aioseo_notices":[],"_links":{"self":[{"href":"https:\/\/blogsaverroes.juntadeandalucia.es\/iesaxati\/index.php?rest_route=\/wp\/v2\/posts\/4981"}],"collection":[{"href":"https:\/\/blogsaverroes.juntadeandalucia.es\/iesaxati\/index.php?rest_route=\/wp\/v2\/posts"}],"about":[{"href":"https:\/\/blogsaverroes.juntadeandalucia.es\/iesaxati\/index.php?rest_route=\/wp\/v2\/types\/post"}],"author":[{"embeddable":true,"href":"https:\/\/blogsaverroes.juntadeandalucia.es\/iesaxati\/index.php?rest_route=\/wp\/v2\/users\/7453"}],"replies":[{"embeddable":true,"href":"https:\/\/blogsaverroes.juntadeandalucia.es\/iesaxati\/index.php?rest_route=%2Fwp%2Fv2%2Fcomments&post=4981"}],"version-history":[{"count":1,"href":"https:\/\/blogsaverroes.juntadeandalucia.es\/iesaxati\/index.php?rest_route=\/wp\/v2\/posts\/4981\/revisions"}],"predecessor-version":[{"id":4984,"href":"https:\/\/blogsaverroes.juntadeandalucia.es\/iesaxati\/index.php?rest_route=\/wp\/v2\/posts\/4981\/revisions\/4984"}],"wp:featuredmedia":[{"embeddable":true,"href":"https:\/\/blogsaverroes.juntadeandalucia.es\/iesaxati\/index.php?rest_route=\/wp\/v2\/media\/4983"}],"wp:attachment":[{"href":"https:\/\/blogsaverroes.juntadeandalucia.es\/iesaxati\/index.php?rest_route=%2Fwp%2Fv2%2Fmedia&parent=4981"}],"wp:term":[{"taxonomy":"category","embeddable":true,"href":"https:\/\/blogsaverroes.juntadeandalucia.es\/iesaxati\/index.php?rest_route=%2Fwp%2Fv2%2Fcategories&post=4981"},{"taxonomy":"post_tag","embeddable":true,"href":"https:\/\/blogsaverroes.juntadeandalucia.es\/iesaxati\/index.php?rest_route=%2Fwp%2Fv2%2Ftags&post=4981"}],"curies":[{"name":"wp","href":"https:\/\/api.w.org\/{rel}","templated":true}]}}