{"id":5136,"date":"2022-03-21T12:02:58","date_gmt":"2022-03-21T12:02:58","guid":{"rendered":"https:\/\/blogsaverroes.juntadeandalucia.es\/iesaxati\/?p=5136"},"modified":"2022-03-21T12:02:58","modified_gmt":"2022-03-21T12:02:58","slug":"dia-internacional-de-la-poesia-21-de-marzo","status":"publish","type":"post","link":"https:\/\/blogsaverroes.juntadeandalucia.es\/iesaxati\/?p=5136","title":{"rendered":"D\u00eda Internacional de la Poes\u00eda, 21 de marzo"},"content":{"rendered":"<p>El alumnado del IES Axati ha querido celebrar el D\u00eda Internacional de la Poes\u00eda, 21 de marzo, convirti\u00e9ndose en \u00abLos poetas del Axati\u00bb. Actividad promovida por el Departamento de Lengua Castellana y Literatura dentro del Programa Comunica. Para ello, los chicos y chicas de 3\u00b0 y 4\u00b0 de la ESO y de 1\u00b0 y 2\u00b0 de Bachillerato han disfrutado junto a sus profesoras Ana Berciano, Mar\u00eda Coronilla, Carmen M\u00e1rquez y Cristina Blanco, creando sus propias composiciones a partir de modelos po\u00e9ticos medievales y vanguardistas expuestas junto a la Biblioteca del centro. Han conocido as\u00ed una forma creativa de comunicarse y han descubierto al poeta que todos llevamos dentro.<\/p>\n\n\t\t<style>\n\t\t\t#gallery-1 {\n\t\t\t\tmargin: auto;\n\t\t\t}\n\t\t\t#gallery-1 .gallery-item {\n\t\t\t\tfloat: left;\n\t\t\t\tmargin-top: 10px;\n\t\t\t\ttext-align: center;\n\t\t\t\twidth: 33%;\n\t\t\t}\n\t\t\t#gallery-1 img {\n\t\t\t\tborder: 2px solid #cfcfcf;\n\t\t\t}\n\t\t\t#gallery-1 .gallery-caption {\n\t\t\t\tmargin-left: 0;\n\t\t\t}\n\t\t\t\/* see gallery_shortcode() in wp-includes\/media.php *\/\n\t\t<\/style>\n\t\t<div id='gallery-1' class='gallery galleryid-5136 gallery-columns-3 gallery-size-thumbnail'><dl class='gallery-item'>\n\t\t\t<dt class='gallery-icon landscape'>\n\t\t\t\t<a href='https:\/\/blogsaverroes.juntadeandalucia.es\/iesaxati\/?attachment_id=5138'><img decoding=\"async\" width=\"150\" height=\"150\" src=\"https:\/\/blogsaverroes.juntadeandalucia.es\/iesaxati\/files\/2022\/03\/8-1-150x150.jpg\" class=\"attachment-thumbnail size-thumbnail\" alt=\"\" srcset=\"https:\/\/blogsaverroes.juntadeandalucia.es\/iesaxati\/files\/2022\/03\/8-1-150x150.jpg 150w, https:\/\/blogsaverroes.juntadeandalucia.es\/iesaxati\/files\/2022\/03\/8-1-100x100.jpg 100w, https:\/\/blogsaverroes.juntadeandalucia.es\/iesaxati\/files\/2022\/03\/8-1-80x80.jpg 80w, https:\/\/blogsaverroes.juntadeandalucia.es\/iesaxati\/files\/2022\/03\/8-1-320x320.jpg 320w\" sizes=\"(max-width: 150px) 100vw, 150px\" \/><\/a>\n\t\t\t<\/dt><\/dl><dl class='gallery-item'>\n\t\t\t<dt class='gallery-icon landscape'>\n\t\t\t\t<a href='https:\/\/blogsaverroes.juntadeandalucia.es\/iesaxati\/?attachment_id=5139'><img decoding=\"async\" width=\"150\" height=\"150\" src=\"https:\/\/blogsaverroes.juntadeandalucia.es\/iesaxati\/files\/2022\/03\/7-1-150x150.jpg\" class=\"attachment-thumbnail size-thumbnail\" alt=\"\" srcset=\"https:\/\/blogsaverroes.juntadeandalucia.es\/iesaxati\/files\/2022\/03\/7-1-150x150.jpg 150w, https:\/\/blogsaverroes.juntadeandalucia.es\/iesaxati\/files\/2022\/03\/7-1-100x100.jpg 100w, https:\/\/blogsaverroes.juntadeandalucia.es\/iesaxati\/files\/2022\/03\/7-1-80x80.jpg 80w, https:\/\/blogsaverroes.juntadeandalucia.es\/iesaxati\/files\/2022\/03\/7-1-320x320.jpg 320w\" sizes=\"(max-width: 150px) 100vw, 150px\" \/><\/a>\n\t\t\t<\/dt><\/dl><dl class='gallery-item'>\n\t\t\t<dt class='gallery-icon landscape'>\n\t\t\t\t<a href='https:\/\/blogsaverroes.juntadeandalucia.es\/iesaxati\/?attachment_id=5140'><img decoding=\"async\" width=\"150\" height=\"150\" src=\"https:\/\/blogsaverroes.juntadeandalucia.es\/iesaxati\/files\/2022\/03\/6-1-150x150.jpg\" class=\"attachment-thumbnail size-thumbnail\" alt=\"\" srcset=\"https:\/\/blogsaverroes.juntadeandalucia.es\/iesaxati\/files\/2022\/03\/6-1-150x150.jpg 150w, https:\/\/blogsaverroes.juntadeandalucia.es\/iesaxati\/files\/2022\/03\/6-1-100x100.jpg 100w, https:\/\/blogsaverroes.juntadeandalucia.es\/iesaxati\/files\/2022\/03\/6-1-80x80.jpg 80w, https:\/\/blogsaverroes.juntadeandalucia.es\/iesaxati\/files\/2022\/03\/6-1-320x320.jpg 320w\" sizes=\"(max-width: 150px) 100vw, 150px\" \/><\/a>\n\t\t\t<\/dt><\/dl><br style=\"clear: both\" \/><dl class='gallery-item'>\n\t\t\t<dt class='gallery-icon landscape'>\n\t\t\t\t<a href='https:\/\/blogsaverroes.juntadeandalucia.es\/iesaxati\/?attachment_id=5141'><img loading=\"lazy\" decoding=\"async\" width=\"150\" height=\"150\" src=\"https:\/\/blogsaverroes.juntadeandalucia.es\/iesaxati\/files\/2022\/03\/5-1-150x150.jpg\" class=\"attachment-thumbnail size-thumbnail\" alt=\"\" srcset=\"https:\/\/blogsaverroes.juntadeandalucia.es\/iesaxati\/files\/2022\/03\/5-1-150x150.jpg 150w, https:\/\/blogsaverroes.juntadeandalucia.es\/iesaxati\/files\/2022\/03\/5-1-100x100.jpg 100w, https:\/\/blogsaverroes.juntadeandalucia.es\/iesaxati\/files\/2022\/03\/5-1-80x80.jpg 80w, https:\/\/blogsaverroes.juntadeandalucia.es\/iesaxati\/files\/2022\/03\/5-1-320x320.jpg 320w\" sizes=\"(max-width: 150px) 100vw, 150px\" \/><\/a>\n\t\t\t<\/dt><\/dl><dl class='gallery-item'>\n\t\t\t<dt class='gallery-icon landscape'>\n\t\t\t\t<a href='https:\/\/blogsaverroes.juntadeandalucia.es\/iesaxati\/?attachment_id=5142'><img loading=\"lazy\" decoding=\"async\" width=\"150\" height=\"150\" src=\"https:\/\/blogsaverroes.juntadeandalucia.es\/iesaxati\/files\/2022\/03\/4-3-150x150.jpg\" class=\"attachment-thumbnail size-thumbnail\" alt=\"\" srcset=\"https:\/\/blogsaverroes.juntadeandalucia.es\/iesaxati\/files\/2022\/03\/4-3-150x150.jpg 150w, https:\/\/blogsaverroes.juntadeandalucia.es\/iesaxati\/files\/2022\/03\/4-3-100x100.jpg 100w, https:\/\/blogsaverroes.juntadeandalucia.es\/iesaxati\/files\/2022\/03\/4-3-80x80.jpg 80w, https:\/\/blogsaverroes.juntadeandalucia.es\/iesaxati\/files\/2022\/03\/4-3-320x320.jpg 320w\" sizes=\"(max-width: 150px) 100vw, 150px\" \/><\/a>\n\t\t\t<\/dt><\/dl><dl class='gallery-item'>\n\t\t\t<dt class='gallery-icon landscape'>\n\t\t\t\t<a href='https:\/\/blogsaverroes.juntadeandalucia.es\/iesaxati\/?attachment_id=5143'><img loading=\"lazy\" decoding=\"async\" width=\"150\" height=\"150\" src=\"https:\/\/blogsaverroes.juntadeandalucia.es\/iesaxati\/files\/2022\/03\/3-4-150x150.jpg\" class=\"attachment-thumbnail size-thumbnail\" alt=\"\" srcset=\"https:\/\/blogsaverroes.juntadeandalucia.es\/iesaxati\/files\/2022\/03\/3-4-150x150.jpg 150w, https:\/\/blogsaverroes.juntadeandalucia.es\/iesaxati\/files\/2022\/03\/3-4-100x100.jpg 100w, https:\/\/blogsaverroes.juntadeandalucia.es\/iesaxati\/files\/2022\/03\/3-4-80x80.jpg 80w, https:\/\/blogsaverroes.juntadeandalucia.es\/iesaxati\/files\/2022\/03\/3-4-320x320.jpg 320w\" sizes=\"(max-width: 150px) 100vw, 150px\" \/><\/a>\n\t\t\t<\/dt><\/dl><br style=\"clear: both\" \/><dl class='gallery-item'>\n\t\t\t<dt class='gallery-icon portrait'>\n\t\t\t\t<a href='https:\/\/blogsaverroes.juntadeandalucia.es\/iesaxati\/?attachment_id=5144'><img loading=\"lazy\" decoding=\"async\" width=\"150\" height=\"150\" src=\"https:\/\/blogsaverroes.juntadeandalucia.es\/iesaxati\/files\/2022\/03\/2-4-150x150.jpg\" class=\"attachment-thumbnail size-thumbnail\" alt=\"\" srcset=\"https:\/\/blogsaverroes.juntadeandalucia.es\/iesaxati\/files\/2022\/03\/2-4-150x150.jpg 150w, https:\/\/blogsaverroes.juntadeandalucia.es\/iesaxati\/files\/2022\/03\/2-4-100x100.jpg 100w, https:\/\/blogsaverroes.juntadeandalucia.es\/iesaxati\/files\/2022\/03\/2-4-80x80.jpg 80w, https:\/\/blogsaverroes.juntadeandalucia.es\/iesaxati\/files\/2022\/03\/2-4-320x320.jpg 320w\" sizes=\"(max-width: 150px) 100vw, 150px\" \/><\/a>\n\t\t\t<\/dt><\/dl><dl class='gallery-item'>\n\t\t\t<dt class='gallery-icon portrait'>\n\t\t\t\t<a href='https:\/\/blogsaverroes.juntadeandalucia.es\/iesaxati\/?attachment_id=5145'><img loading=\"lazy\" decoding=\"async\" width=\"150\" height=\"150\" src=\"https:\/\/blogsaverroes.juntadeandalucia.es\/iesaxati\/files\/2022\/03\/1-6-150x150.jpg\" class=\"attachment-thumbnail size-thumbnail\" alt=\"\" srcset=\"https:\/\/blogsaverroes.juntadeandalucia.es\/iesaxati\/files\/2022\/03\/1-6-150x150.jpg 150w, https:\/\/blogsaverroes.juntadeandalucia.es\/iesaxati\/files\/2022\/03\/1-6-100x100.jpg 100w, https:\/\/blogsaverroes.juntadeandalucia.es\/iesaxati\/files\/2022\/03\/1-6-80x80.jpg 80w, https:\/\/blogsaverroes.juntadeandalucia.es\/iesaxati\/files\/2022\/03\/1-6-320x320.jpg 320w\" sizes=\"(max-width: 150px) 100vw, 150px\" \/><\/a>\n\t\t\t<\/dt><\/dl>\n\t\t\t<br style='clear: both' \/>\n\t\t<\/div>\n\n","protected":false},"excerpt":{"rendered":"<p>El alumnado del IES Axati ha querido celebrar el D\u00eda Internacional de la Poes\u00eda, 21 de marzo, convirti\u00e9ndose en \u00abLos poetas del Axati\u00bb. Actividad promovida por el Departamento de Lengua Castellana y Literatura dentro&#46;&#46;&#46;<\/p>\n","protected":false},"author":7453,"featured_media":5146,"comment_status":"closed","ping_status":"open","sticky":false,"template":"","format":"standard","meta":{"ngg_post_thumbnail":0,"footnotes":""},"categories":[25505],"tags":[],"aioseo_notices":[],"_links":{"self":[{"href":"https:\/\/blogsaverroes.juntadeandalucia.es\/iesaxati\/index.php?rest_route=\/wp\/v2\/posts\/5136"}],"collection":[{"href":"https:\/\/blogsaverroes.juntadeandalucia.es\/iesaxati\/index.php?rest_route=\/wp\/v2\/posts"}],"about":[{"href":"https:\/\/blogsaverroes.juntadeandalucia.es\/iesaxati\/index.php?rest_route=\/wp\/v2\/types\/post"}],"author":[{"embeddable":true,"href":"https:\/\/blogsaverroes.juntadeandalucia.es\/iesaxati\/index.php?rest_route=\/wp\/v2\/users\/7453"}],"replies":[{"embeddable":true,"href":"https:\/\/blogsaverroes.juntadeandalucia.es\/iesaxati\/index.php?rest_route=%2Fwp%2Fv2%2Fcomments&post=5136"}],"version-history":[{"count":2,"href":"https:\/\/blogsaverroes.juntadeandalucia.es\/iesaxati\/index.php?rest_route=\/wp\/v2\/posts\/5136\/revisions"}],"predecessor-version":[{"id":5147,"href":"https:\/\/blogsaverroes.juntadeandalucia.es\/iesaxati\/index.php?rest_route=\/wp\/v2\/posts\/5136\/revisions\/5147"}],"wp:featuredmedia":[{"embeddable":true,"href":"https:\/\/blogsaverroes.juntadeandalucia.es\/iesaxati\/index.php?rest_route=\/wp\/v2\/media\/5146"}],"wp:attachment":[{"href":"https:\/\/blogsaverroes.juntadeandalucia.es\/iesaxati\/index.php?rest_route=%2Fwp%2Fv2%2Fmedia&parent=5136"}],"wp:term":[{"taxonomy":"category","embeddable":true,"href":"https:\/\/blogsaverroes.juntadeandalucia.es\/iesaxati\/index.php?rest_route=%2Fwp%2Fv2%2Fcategories&post=5136"},{"taxonomy":"post_tag","embeddable":true,"href":"https:\/\/blogsaverroes.juntadeandalucia.es\/iesaxati\/index.php?rest_route=%2Fwp%2Fv2%2Ftags&post=5136"}],"curies":[{"name":"wp","href":"https:\/\/api.w.org\/{rel}","templated":true}]}}