{"id":5253,"date":"2022-04-08T08:58:18","date_gmt":"2022-04-08T08:58:18","guid":{"rendered":"https:\/\/blogsaverroes.juntadeandalucia.es\/iesaxati\/?p=5253"},"modified":"2022-04-08T08:58:18","modified_gmt":"2022-04-08T08:58:18","slug":"proyecto-jardin-del-centro","status":"publish","type":"post","link":"https:\/\/blogsaverroes.juntadeandalucia.es\/iesaxati\/?p=5253","title":{"rendered":"Proyecto Jard\u00edn del centro"},"content":{"rendered":"<p>Hoy queremos reconocer y felicitar a nuestro alumno Alejandro Carmona Ru\u00edz de 2\u00ba curso de Formaci\u00f3n Profesional B\u00e1sica de Electricidad y Electr\u00f3nica por su capacidad de trabajo e implicaci\u00f3n en el Proyecto Jard\u00edn que estamos desarrollando en nuestro centro. Este proyecto consiste en la rehabilitaci\u00f3n de un patio interior donde ubicaremos distintos espacios destinados al descanso y actividades complementarias del alumnado.<\/p>\n<p><img fetchpriority=\"high\" decoding=\"async\" class=\"alignnone wp-image-5256 size-large\" src=\"https:\/\/blogsaverroes.juntadeandalucia.es\/iesaxati\/files\/2022\/04\/1-1-1024x768.jpg\" alt=\"\" width=\"1024\" height=\"768\" srcset=\"https:\/\/blogsaverroes.juntadeandalucia.es\/iesaxati\/files\/2022\/04\/1-1-1024x768.jpg 1024w, https:\/\/blogsaverroes.juntadeandalucia.es\/iesaxati\/files\/2022\/04\/1-1-300x225.jpg 300w, https:\/\/blogsaverroes.juntadeandalucia.es\/iesaxati\/files\/2022\/04\/1-1-768x576.jpg 768w, https:\/\/blogsaverroes.juntadeandalucia.es\/iesaxati\/files\/2022\/04\/1-1-1536x1152.jpg 1536w, https:\/\/blogsaverroes.juntadeandalucia.es\/iesaxati\/files\/2022\/04\/1-1.jpg 1600w\" sizes=\"(max-width: 1024px) 100vw, 1024px\" \/><img decoding=\"async\" class=\"alignnone wp-image-5254 size-large\" src=\"https:\/\/blogsaverroes.juntadeandalucia.es\/iesaxati\/files\/2022\/04\/3-768x1024.jpg\" alt=\"\" width=\"768\" height=\"1024\" srcset=\"https:\/\/blogsaverroes.juntadeandalucia.es\/iesaxati\/files\/2022\/04\/3-768x1024.jpg 768w, https:\/\/blogsaverroes.juntadeandalucia.es\/iesaxati\/files\/2022\/04\/3-225x300.jpg 225w, https:\/\/blogsaverroes.juntadeandalucia.es\/iesaxati\/files\/2022\/04\/3-1152x1536.jpg 1152w, https:\/\/blogsaverroes.juntadeandalucia.es\/iesaxati\/files\/2022\/04\/3.jpg 1200w\" sizes=\"(max-width: 768px) 100vw, 768px\" \/> <img decoding=\"async\" class=\"alignnone wp-image-5255 size-large\" src=\"https:\/\/blogsaverroes.juntadeandalucia.es\/iesaxati\/files\/2022\/04\/2-1-768x1024.jpg\" alt=\"\" width=\"768\" height=\"1024\" srcset=\"https:\/\/blogsaverroes.juntadeandalucia.es\/iesaxati\/files\/2022\/04\/2-1-768x1024.jpg 768w, https:\/\/blogsaverroes.juntadeandalucia.es\/iesaxati\/files\/2022\/04\/2-1-225x300.jpg 225w, https:\/\/blogsaverroes.juntadeandalucia.es\/iesaxati\/files\/2022\/04\/2-1-1152x1536.jpg 1152w, https:\/\/blogsaverroes.juntadeandalucia.es\/iesaxati\/files\/2022\/04\/2-1.jpg 1200w\" sizes=\"(max-width: 768px) 100vw, 768px\" \/>&nbsp;<\/p>\n","protected":false},"excerpt":{"rendered":"<p>Hoy queremos reconocer y felicitar a nuestro alumno Alejandro Carmona Ru\u00edz de 2\u00ba curso de Formaci\u00f3n Profesional B\u00e1sica de Electricidad y Electr\u00f3nica por su capacidad de trabajo e implicaci\u00f3n en el Proyecto Jard\u00edn que&#46;&#46;&#46;<\/p>\n","protected":false},"author":7453,"featured_media":5254,"comment_status":"closed","ping_status":"open","sticky":false,"template":"","format":"standard","meta":{"ngg_post_thumbnail":0,"footnotes":""},"categories":[1007332],"tags":[],"aioseo_notices":[],"_links":{"self":[{"href":"https:\/\/blogsaverroes.juntadeandalucia.es\/iesaxati\/index.php?rest_route=\/wp\/v2\/posts\/5253"}],"collection":[{"href":"https:\/\/blogsaverroes.juntadeandalucia.es\/iesaxati\/index.php?rest_route=\/wp\/v2\/posts"}],"about":[{"href":"https:\/\/blogsaverroes.juntadeandalucia.es\/iesaxati\/index.php?rest_route=\/wp\/v2\/types\/post"}],"author":[{"embeddable":true,"href":"https:\/\/blogsaverroes.juntadeandalucia.es\/iesaxati\/index.php?rest_route=\/wp\/v2\/users\/7453"}],"replies":[{"embeddable":true,"href":"https:\/\/blogsaverroes.juntadeandalucia.es\/iesaxati\/index.php?rest_route=%2Fwp%2Fv2%2Fcomments&post=5253"}],"version-history":[{"count":1,"href":"https:\/\/blogsaverroes.juntadeandalucia.es\/iesaxati\/index.php?rest_route=\/wp\/v2\/posts\/5253\/revisions"}],"predecessor-version":[{"id":5257,"href":"https:\/\/blogsaverroes.juntadeandalucia.es\/iesaxati\/index.php?rest_route=\/wp\/v2\/posts\/5253\/revisions\/5257"}],"wp:featuredmedia":[{"embeddable":true,"href":"https:\/\/blogsaverroes.juntadeandalucia.es\/iesaxati\/index.php?rest_route=\/wp\/v2\/media\/5254"}],"wp:attachment":[{"href":"https:\/\/blogsaverroes.juntadeandalucia.es\/iesaxati\/index.php?rest_route=%2Fwp%2Fv2%2Fmedia&parent=5253"}],"wp:term":[{"taxonomy":"category","embeddable":true,"href":"https:\/\/blogsaverroes.juntadeandalucia.es\/iesaxati\/index.php?rest_route=%2Fwp%2Fv2%2Fcategories&post=5253"},{"taxonomy":"post_tag","embeddable":true,"href":"https:\/\/blogsaverroes.juntadeandalucia.es\/iesaxati\/index.php?rest_route=%2Fwp%2Fv2%2Ftags&post=5253"}],"curies":[{"name":"wp","href":"https:\/\/api.w.org\/{rel}","templated":true}]}}