{"id":5413,"date":"2022-05-13T09:14:59","date_gmt":"2022-05-13T09:14:59","guid":{"rendered":"https:\/\/blogsaverroes.juntadeandalucia.es\/iesaxati\/?p=5413"},"modified":"2022-05-13T09:19:55","modified_gmt":"2022-05-13T09:19:55","slug":"beca-general-para-el-proximo-curso-2022-2023","status":"publish","type":"post","link":"https:\/\/blogsaverroes.juntadeandalucia.es\/iesaxati\/?p=5413","title":{"rendered":"Beca General para el pr\u00f3ximo curso 2022 \/ 2023"},"content":{"rendered":"<p><img fetchpriority=\"high\" decoding=\"async\" class=\"alignnone wp-image-5414 size-large\" src=\"https:\/\/blogsaverroes.juntadeandalucia.es\/iesaxati\/files\/2022\/05\/beca1-725x1024.jpg\" alt=\"\" width=\"725\" height=\"1024\" srcset=\"https:\/\/blogsaverroes.juntadeandalucia.es\/iesaxati\/files\/2022\/05\/beca1-725x1024.jpg 725w, https:\/\/blogsaverroes.juntadeandalucia.es\/iesaxati\/files\/2022\/05\/beca1-212x300.jpg 212w, https:\/\/blogsaverroes.juntadeandalucia.es\/iesaxati\/files\/2022\/05\/beca1-768x1085.jpg 768w, https:\/\/blogsaverroes.juntadeandalucia.es\/iesaxati\/files\/2022\/05\/beca1-1087x1536.jpg 1087w, https:\/\/blogsaverroes.juntadeandalucia.es\/iesaxati\/files\/2022\/05\/beca1.jpg 1132w\" sizes=\"(max-width: 725px) 100vw, 725px\" \/><\/p>\n<p>Se ha prolongado el plazo para solicitar la beca general hasta el pr\u00f3ximo lunes 16 de mayo de 2022.<\/p>\n<p>Es importante tramitar la solicitud aunque todav\u00eda no se sepa si se va a continuar con los estudios o qu\u00e9 estudios se van a cursar el pr\u00f3ximo curso 2022\/2023.<\/p>\n<p>Para m\u00e1s informaci\u00f3n pueden consultar en el Portal de Becas de la web de la Consejer\u00eda de Educaci\u00f3n y Deporte de la Junta de Andaluc\u00eda en los siguientes enlaces:<\/p>\n<p><a href=\"https:\/\/www.juntadeandalucia.es\/educacion\/portals\/web\/becas-y-ayudas\">https:\/\/www.juntadeandalucia.es\/educacion\/portals\/web\/becas-y-ayudas<\/a><\/p>\n<p><a href=\"https:\/\/www.juntadeandalucia.es\/educacion\/portals\/web\/becas-y-ayudas\/tu-beca-en-nueve-pasos-andalucia-\">https:\/\/www.juntadeandalucia.es\/educacion\/portals\/web\/becas-y-ayudas\/tu-beca-en-nueve-pasos-andalucia-<\/a><\/p>\n","protected":false},"excerpt":{"rendered":"<p>Se ha prolongado el plazo para solicitar la beca general hasta el pr\u00f3ximo lunes 16 de mayo de 2022. Es importante tramitar la solicitud aunque todav\u00eda no se sepa si se va a continuar&#46;&#46;&#46;<\/p>\n","protected":false},"author":7453,"featured_media":5415,"comment_status":"closed","ping_status":"open","sticky":false,"template":"","format":"standard","meta":{"ngg_post_thumbnail":0,"footnotes":""},"categories":[1865619],"tags":[],"aioseo_notices":[],"_links":{"self":[{"href":"https:\/\/blogsaverroes.juntadeandalucia.es\/iesaxati\/index.php?rest_route=\/wp\/v2\/posts\/5413"}],"collection":[{"href":"https:\/\/blogsaverroes.juntadeandalucia.es\/iesaxati\/index.php?rest_route=\/wp\/v2\/posts"}],"about":[{"href":"https:\/\/blogsaverroes.juntadeandalucia.es\/iesaxati\/index.php?rest_route=\/wp\/v2\/types\/post"}],"author":[{"embeddable":true,"href":"https:\/\/blogsaverroes.juntadeandalucia.es\/iesaxati\/index.php?rest_route=\/wp\/v2\/users\/7453"}],"replies":[{"embeddable":true,"href":"https:\/\/blogsaverroes.juntadeandalucia.es\/iesaxati\/index.php?rest_route=%2Fwp%2Fv2%2Fcomments&post=5413"}],"version-history":[{"count":2,"href":"https:\/\/blogsaverroes.juntadeandalucia.es\/iesaxati\/index.php?rest_route=\/wp\/v2\/posts\/5413\/revisions"}],"predecessor-version":[{"id":5417,"href":"https:\/\/blogsaverroes.juntadeandalucia.es\/iesaxati\/index.php?rest_route=\/wp\/v2\/posts\/5413\/revisions\/5417"}],"wp:featuredmedia":[{"embeddable":true,"href":"https:\/\/blogsaverroes.juntadeandalucia.es\/iesaxati\/index.php?rest_route=\/wp\/v2\/media\/5415"}],"wp:attachment":[{"href":"https:\/\/blogsaverroes.juntadeandalucia.es\/iesaxati\/index.php?rest_route=%2Fwp%2Fv2%2Fmedia&parent=5413"}],"wp:term":[{"taxonomy":"category","embeddable":true,"href":"https:\/\/blogsaverroes.juntadeandalucia.es\/iesaxati\/index.php?rest_route=%2Fwp%2Fv2%2Fcategories&post=5413"},{"taxonomy":"post_tag","embeddable":true,"href":"https:\/\/blogsaverroes.juntadeandalucia.es\/iesaxati\/index.php?rest_route=%2Fwp%2Fv2%2Ftags&post=5413"}],"curies":[{"name":"wp","href":"https:\/\/api.w.org\/{rel}","templated":true}]}}