{"id":6484,"date":"2023-03-23T12:56:00","date_gmt":"2023-03-23T12:56:00","guid":{"rendered":"https:\/\/blogsaverroes.juntadeandalucia.es\/iesaxati\/?p=6484"},"modified":"2023-03-23T12:56:00","modified_gmt":"2023-03-23T12:56:00","slug":"visita-a-la-oficina-de-correos-de-lora-del-rio-del-alumnado-de-grado-medio-gestion-administrativa","status":"publish","type":"post","link":"https:\/\/blogsaverroes.juntadeandalucia.es\/iesaxati\/?p=6484","title":{"rendered":"Visita a la oficina de Correos de Lora del R\u00edo del alumnado de grado medio Gesti\u00f3n Administrativa"},"content":{"rendered":"<div dir=\"auto\">Visita a la oficina de <a class=\"x1i10hfl xjbqb8w x6umtig x1b1mbwd xaqea5y xav7gou x9f619 x1ypdohk xt0psk2 xe8uvvx xdj266r x11i5rnm xat24cr x1mh8g0r xexx8yu x4uap5 x18d9i69 xkhd6sd x16tdsg8 x1hl2dhg xggy1nq x1a2a7pz xt0b8zv x1qq9wsj xo1l8bm\" role=\"link\" href=\"https:\/\/www.facebook.com\/correos.es\/?__cft__[0]=AZV7iEDRZyKK5cr7o-vSY1LAhCIzRIkdtuuKRmjEi3l1OaEi4L3hhZNXcMpct2LfWSgp9WpfnE7uR1-xTYlNd7R5QVSUGn6YtPvRvU6HrqGgmEZsLB0omLsMBJDdCvlwHrzx85XXYPBJHJ1waC3qS0Is&amp;__tn__=kK-R\"><span class=\"xt0psk2\">Correos<\/span><\/a> de Lora del R\u00edo por el alumnado de del primer curso de Grado Medio en Gesti\u00f3n Administrativa para conocer el tratamiento de la correspondencia y la paqueter\u00eda, as\u00ed como sus medios de env\u00edo y servicios adicionales.<\/div>\n<div dir=\"auto\">Agradecemos la atenci\u00f3n prestada y los conocimientos ofrecidos a nuestros alumnos.<\/div>\n<div dir=\"auto\">\n<p><img fetchpriority=\"high\" decoding=\"async\" class=\"wp-image-6485 size-large\" src=\"https:\/\/blogsaverroes.juntadeandalucia.es\/iesaxati\/files\/2023\/03\/1-6-1024x768.jpg\" alt=\"\" width=\"1024\" height=\"768\" srcset=\"https:\/\/blogsaverroes.juntadeandalucia.es\/iesaxati\/files\/2023\/03\/1-6-1024x768.jpg 1024w, https:\/\/blogsaverroes.juntadeandalucia.es\/iesaxati\/files\/2023\/03\/1-6-300x225.jpg 300w, https:\/\/blogsaverroes.juntadeandalucia.es\/iesaxati\/files\/2023\/03\/1-6-768x576.jpg 768w, https:\/\/blogsaverroes.juntadeandalucia.es\/iesaxati\/files\/2023\/03\/1-6-1536x1152.jpg 1536w, https:\/\/blogsaverroes.juntadeandalucia.es\/iesaxati\/files\/2023\/03\/1-6.jpg 1600w\" sizes=\"(max-width: 1024px) 100vw, 1024px\" \/><\/p>\n<div id=\"attachment_6486\" style=\"width: 1034px\" class=\"wp-caption alignnone\"><img decoding=\"async\" aria-describedby=\"caption-attachment-6486\" class=\"wp-image-6486 size-large\" src=\"https:\/\/blogsaverroes.juntadeandalucia.es\/iesaxati\/files\/2023\/03\/2-5-1024x768.jpg\" alt=\"\" width=\"1024\" height=\"768\" srcset=\"https:\/\/blogsaverroes.juntadeandalucia.es\/iesaxati\/files\/2023\/03\/2-5-1024x768.jpg 1024w, https:\/\/blogsaverroes.juntadeandalucia.es\/iesaxati\/files\/2023\/03\/2-5-300x225.jpg 300w, https:\/\/blogsaverroes.juntadeandalucia.es\/iesaxati\/files\/2023\/03\/2-5-768x576.jpg 768w, https:\/\/blogsaverroes.juntadeandalucia.es\/iesaxati\/files\/2023\/03\/2-5-1536x1152.jpg 1536w, https:\/\/blogsaverroes.juntadeandalucia.es\/iesaxati\/files\/2023\/03\/2-5.jpg 1600w\" sizes=\"(max-width: 1024px) 100vw, 1024px\" \/><p id=\"caption-attachment-6486\" class=\"wp-caption-text\">smart<\/p><\/div>\n<\/div>\n","protected":false},"excerpt":{"rendered":"<p>Visita a la oficina de Correos de Lora del R\u00edo por el alumnado de del primer curso de Grado Medio en Gesti\u00f3n Administrativa para conocer el tratamiento de la correspondencia y la paqueter\u00eda, as\u00ed&#46;&#46;&#46;<\/p>\n","protected":false},"author":7453,"featured_media":6487,"comment_status":"closed","ping_status":"open","sticky":false,"template":"","format":"standard","meta":{"ngg_post_thumbnail":0,"footnotes":""},"categories":[1865615],"tags":[],"aioseo_notices":[],"_links":{"self":[{"href":"https:\/\/blogsaverroes.juntadeandalucia.es\/iesaxati\/index.php?rest_route=\/wp\/v2\/posts\/6484"}],"collection":[{"href":"https:\/\/blogsaverroes.juntadeandalucia.es\/iesaxati\/index.php?rest_route=\/wp\/v2\/posts"}],"about":[{"href":"https:\/\/blogsaverroes.juntadeandalucia.es\/iesaxati\/index.php?rest_route=\/wp\/v2\/types\/post"}],"author":[{"embeddable":true,"href":"https:\/\/blogsaverroes.juntadeandalucia.es\/iesaxati\/index.php?rest_route=\/wp\/v2\/users\/7453"}],"replies":[{"embeddable":true,"href":"https:\/\/blogsaverroes.juntadeandalucia.es\/iesaxati\/index.php?rest_route=%2Fwp%2Fv2%2Fcomments&post=6484"}],"version-history":[{"count":1,"href":"https:\/\/blogsaverroes.juntadeandalucia.es\/iesaxati\/index.php?rest_route=\/wp\/v2\/posts\/6484\/revisions"}],"predecessor-version":[{"id":6488,"href":"https:\/\/blogsaverroes.juntadeandalucia.es\/iesaxati\/index.php?rest_route=\/wp\/v2\/posts\/6484\/revisions\/6488"}],"wp:featuredmedia":[{"embeddable":true,"href":"https:\/\/blogsaverroes.juntadeandalucia.es\/iesaxati\/index.php?rest_route=\/wp\/v2\/media\/6487"}],"wp:attachment":[{"href":"https:\/\/blogsaverroes.juntadeandalucia.es\/iesaxati\/index.php?rest_route=%2Fwp%2Fv2%2Fmedia&parent=6484"}],"wp:term":[{"taxonomy":"category","embeddable":true,"href":"https:\/\/blogsaverroes.juntadeandalucia.es\/iesaxati\/index.php?rest_route=%2Fwp%2Fv2%2Fcategories&post=6484"},{"taxonomy":"post_tag","embeddable":true,"href":"https:\/\/blogsaverroes.juntadeandalucia.es\/iesaxati\/index.php?rest_route=%2Fwp%2Fv2%2Ftags&post=6484"}],"curies":[{"name":"wp","href":"https:\/\/api.w.org\/{rel}","templated":true}]}}