{"id":7339,"date":"2023-11-19T19:04:37","date_gmt":"2023-11-19T19:04:37","guid":{"rendered":"https:\/\/blogsaverroes.juntadeandalucia.es\/iesaxati\/?p=7339"},"modified":"2023-11-19T19:05:58","modified_gmt":"2023-11-19T19:05:58","slug":"celebracion-del-dia-del-flamenco-con-la-bailaora-eva-bravo","status":"publish","type":"post","link":"https:\/\/blogsaverroes.juntadeandalucia.es\/iesaxati\/?p=7339","title":{"rendered":"Celebraci\u00f3n del D\u00eda del flamenco con la bailaora Eva Mar\u00eda Bravo"},"content":{"rendered":"<p>El pasado 16 de noviembre celebramos el D\u00eda del flamenco en el IES Axati y un a\u00f1o m\u00e1s contamos con la presencia de la bailaora <em>Eva Mar\u00eda Bravo<\/em> que nos dio una lecci\u00f3n magistral sobre este arte. La actividad estuvo dirigida a nuestro alumnado de 1\u00ba ESO que disfrut\u00f3 much\u00edsimo.<\/p>\n<p><img fetchpriority=\"high\" decoding=\"async\" class=\"alignnone wp-image-7341 size-large\" src=\"https:\/\/blogsaverroes.juntadeandalucia.es\/iesaxati\/files\/2023\/11\/unnamed-1-1-1024x768.jpg\" alt=\"\" width=\"1024\" height=\"768\" srcset=\"https:\/\/blogsaverroes.juntadeandalucia.es\/iesaxati\/files\/2023\/11\/unnamed-1-1-1024x768.jpg 1024w, https:\/\/blogsaverroes.juntadeandalucia.es\/iesaxati\/files\/2023\/11\/unnamed-1-1-300x225.jpg 300w, https:\/\/blogsaverroes.juntadeandalucia.es\/iesaxati\/files\/2023\/11\/unnamed-1-1-768x576.jpg 768w, https:\/\/blogsaverroes.juntadeandalucia.es\/iesaxati\/files\/2023\/11\/unnamed-1-1-1536x1152.jpg 1536w, https:\/\/blogsaverroes.juntadeandalucia.es\/iesaxati\/files\/2023\/11\/unnamed-1-1.jpg 1600w\" sizes=\"(max-width: 1024px) 100vw, 1024px\" \/><\/p>\n<p><img decoding=\"async\" class=\"alignnone wp-image-7342 size-large\" src=\"https:\/\/blogsaverroes.juntadeandalucia.es\/iesaxati\/files\/2023\/11\/unnamed-2-1024x768.jpg\" alt=\"\" width=\"1024\" height=\"768\" srcset=\"https:\/\/blogsaverroes.juntadeandalucia.es\/iesaxati\/files\/2023\/11\/unnamed-2-1024x768.jpg 1024w, https:\/\/blogsaverroes.juntadeandalucia.es\/iesaxati\/files\/2023\/11\/unnamed-2-300x225.jpg 300w, https:\/\/blogsaverroes.juntadeandalucia.es\/iesaxati\/files\/2023\/11\/unnamed-2-768x576.jpg 768w, https:\/\/blogsaverroes.juntadeandalucia.es\/iesaxati\/files\/2023\/11\/unnamed-2-1536x1152.jpg 1536w, https:\/\/blogsaverroes.juntadeandalucia.es\/iesaxati\/files\/2023\/11\/unnamed-2.jpg 1600w\" sizes=\"(max-width: 1024px) 100vw, 1024px\" \/><\/p>\n<div style=\"width: 848px;\" class=\"wp-video\"><!--[if lt IE 9]><script>document.createElement('video');<\/script><![endif]-->\n<video class=\"wp-video-shortcode\" id=\"video-7339-1\" width=\"848\" height=\"480\" preload=\"metadata\" controls=\"controls\"><source type=\"video\/mp4\" src=\"https:\/\/blogsaverroes.juntadeandalucia.es\/iesaxati\/files\/2023\/11\/VIDEO-2023-11-13-14-42-55.mp4?_=1\" \/><a href=\"https:\/\/blogsaverroes.juntadeandalucia.es\/iesaxati\/files\/2023\/11\/VIDEO-2023-11-13-14-42-55.mp4\">https:\/\/blogsaverroes.juntadeandalucia.es\/iesaxati\/files\/2023\/11\/VIDEO-2023-11-13-14-42-55.mp4<\/a><\/video><\/div>\n<p>&nbsp;<\/p>\n<p>&nbsp;<\/p>\n","protected":false},"excerpt":{"rendered":"<p>El pasado 16 de noviembre celebramos el D\u00eda del flamenco en el IES Axati y un a\u00f1o m\u00e1s contamos con la presencia de la bailaora Eva Mar\u00eda Bravo que nos dio una lecci\u00f3n magistral&#46;&#46;&#46;<\/p>\n","protected":false},"author":7453,"featured_media":7337,"comment_status":"closed","ping_status":"open","sticky":false,"template":"","format":"standard","meta":{"ngg_post_thumbnail":0,"footnotes":""},"categories":[5991],"tags":[],"aioseo_notices":[],"_links":{"self":[{"href":"https:\/\/blogsaverroes.juntadeandalucia.es\/iesaxati\/index.php?rest_route=\/wp\/v2\/posts\/7339"}],"collection":[{"href":"https:\/\/blogsaverroes.juntadeandalucia.es\/iesaxati\/index.php?rest_route=\/wp\/v2\/posts"}],"about":[{"href":"https:\/\/blogsaverroes.juntadeandalucia.es\/iesaxati\/index.php?rest_route=\/wp\/v2\/types\/post"}],"author":[{"embeddable":true,"href":"https:\/\/blogsaverroes.juntadeandalucia.es\/iesaxati\/index.php?rest_route=\/wp\/v2\/users\/7453"}],"replies":[{"embeddable":true,"href":"https:\/\/blogsaverroes.juntadeandalucia.es\/iesaxati\/index.php?rest_route=%2Fwp%2Fv2%2Fcomments&post=7339"}],"version-history":[{"count":3,"href":"https:\/\/blogsaverroes.juntadeandalucia.es\/iesaxati\/index.php?rest_route=\/wp\/v2\/posts\/7339\/revisions"}],"predecessor-version":[{"id":7345,"href":"https:\/\/blogsaverroes.juntadeandalucia.es\/iesaxati\/index.php?rest_route=\/wp\/v2\/posts\/7339\/revisions\/7345"}],"wp:featuredmedia":[{"embeddable":true,"href":"https:\/\/blogsaverroes.juntadeandalucia.es\/iesaxati\/index.php?rest_route=\/wp\/v2\/media\/7337"}],"wp:attachment":[{"href":"https:\/\/blogsaverroes.juntadeandalucia.es\/iesaxati\/index.php?rest_route=%2Fwp%2Fv2%2Fmedia&parent=7339"}],"wp:term":[{"taxonomy":"category","embeddable":true,"href":"https:\/\/blogsaverroes.juntadeandalucia.es\/iesaxati\/index.php?rest_route=%2Fwp%2Fv2%2Fcategories&post=7339"},{"taxonomy":"post_tag","embeddable":true,"href":"https:\/\/blogsaverroes.juntadeandalucia.es\/iesaxati\/index.php?rest_route=%2Fwp%2Fv2%2Ftags&post=7339"}],"curies":[{"name":"wp","href":"https:\/\/api.w.org\/{rel}","templated":true}]}}