{"id":7549,"date":"2024-01-29T06:46:51","date_gmt":"2024-01-29T06:46:51","guid":{"rendered":"https:\/\/blogsaverroes.juntadeandalucia.es\/iesaxati\/?p=7549"},"modified":"2024-01-29T06:47:05","modified_gmt":"2024-01-29T06:47:05","slug":"jornada-de-formacion-al-alumnado-de-ciclo-de-la-familia-profesional-electricidad-y-electronica","status":"publish","type":"post","link":"https:\/\/blogsaverroes.juntadeandalucia.es\/iesaxati\/?p=7549","title":{"rendered":"Jornada de Formaci\u00f3n al alumnado de ciclo de la familia profesional Electricidad y Electr\u00f3nica"},"content":{"rendered":"<p>La semana pasada los alumnos de ciclo de la Familia Profesional de Electricidad y Electr\u00f3nica participaron en una jornada de formaci\u00f3n de mano de la empresa SOLARPACK. Desde aqu\u00ed&nbsp; queremos expresar nuestro m\u00e1s sincero agradecimiento a la empresa SOLARPACK por su participaci\u00f3n el d\u00eda de hoy en nuestro centro, el IES AXATI, durante una jornada t\u00e9cnica sumamente enriquecedora.&nbsp;Durante este evento, nuestros alumnos tuvieron la invaluable oportunidad de adentrarse en las particularidades relacionadas con la construcci\u00f3n y mantenimiento de plantas fotovoltaicas, gracias a la informaci\u00f3n proporcionada por su equipo. Adem\u00e1s, pudieron explorar las diversas posibilidades de inserci\u00f3n laboral que ofrecen estas instalaciones para nuestros alumnos de los programas de Sistemas de Telecomunicaciones e Inform\u00e1ticos, Sistemas Electrot\u00e9cnicos Autom\u00e1ticos y de Instalaciones El\u00e9ctricas y Autom\u00e1ticas.<\/p>\n<p>Nos llena de emoci\u00f3n la perspectiva de concretar con SOLARPACK pr\u00e1cticas empresariales dentro de nuestro programa de Formaci\u00f3n en Centros de Trabajo (FCT), as\u00ed como futuras oportunidades de inserci\u00f3n laboral para nuestros estudiantes en el din\u00e1mico sector de las energ\u00edas renovables.<\/p>\n<p>Una vez m\u00e1s, gracias por su apoyo y compromiso con la educaci\u00f3n y el desarrollo profesional de nuestros alumnos. Esperamos seguir colaborando estrechamente en el futuro.<\/p>\n<p><img fetchpriority=\"high\" decoding=\"async\" class=\"alignnone wp-image-7550 size-large\" src=\"https:\/\/blogsaverroes.juntadeandalucia.es\/iesaxati\/files\/2024\/01\/WhatsApp-Image-2024-01-26-at-13.12.24-1-1024x768.jpeg\" alt=\"\" width=\"1024\" height=\"768\" srcset=\"https:\/\/blogsaverroes.juntadeandalucia.es\/iesaxati\/files\/2024\/01\/WhatsApp-Image-2024-01-26-at-13.12.24-1-1024x768.jpeg 1024w, https:\/\/blogsaverroes.juntadeandalucia.es\/iesaxati\/files\/2024\/01\/WhatsApp-Image-2024-01-26-at-13.12.24-1-300x225.jpeg 300w, https:\/\/blogsaverroes.juntadeandalucia.es\/iesaxati\/files\/2024\/01\/WhatsApp-Image-2024-01-26-at-13.12.24-1-768x576.jpeg 768w, https:\/\/blogsaverroes.juntadeandalucia.es\/iesaxati\/files\/2024\/01\/WhatsApp-Image-2024-01-26-at-13.12.24-1-1536x1152.jpeg 1536w, https:\/\/blogsaverroes.juntadeandalucia.es\/iesaxati\/files\/2024\/01\/WhatsApp-Image-2024-01-26-at-13.12.24-1.jpeg 1600w\" sizes=\"(max-width: 1024px) 100vw, 1024px\" \/> <img decoding=\"async\" class=\"alignnone wp-image-7551 size-large\" src=\"https:\/\/blogsaverroes.juntadeandalucia.es\/iesaxati\/files\/2024\/01\/WhatsApp-Image-2024-01-26-at-13.12.24-1024x768.jpeg\" alt=\"\" width=\"1024\" height=\"768\" srcset=\"https:\/\/blogsaverroes.juntadeandalucia.es\/iesaxati\/files\/2024\/01\/WhatsApp-Image-2024-01-26-at-13.12.24-1024x768.jpeg 1024w, https:\/\/blogsaverroes.juntadeandalucia.es\/iesaxati\/files\/2024\/01\/WhatsApp-Image-2024-01-26-at-13.12.24-300x225.jpeg 300w, https:\/\/blogsaverroes.juntadeandalucia.es\/iesaxati\/files\/2024\/01\/WhatsApp-Image-2024-01-26-at-13.12.24-768x576.jpeg 768w, https:\/\/blogsaverroes.juntadeandalucia.es\/iesaxati\/files\/2024\/01\/WhatsApp-Image-2024-01-26-at-13.12.24-1536x1152.jpeg 1536w, https:\/\/blogsaverroes.juntadeandalucia.es\/iesaxati\/files\/2024\/01\/WhatsApp-Image-2024-01-26-at-13.12.24.jpeg 1600w\" sizes=\"(max-width: 1024px) 100vw, 1024px\" \/> <img decoding=\"async\" class=\"alignnone wp-image-7552 size-large\" src=\"https:\/\/blogsaverroes.juntadeandalucia.es\/iesaxati\/files\/2024\/01\/WhatsApp-Image-2024-01-26-at-13.11.35-1024x768.jpeg\" alt=\"\" width=\"1024\" height=\"768\" srcset=\"https:\/\/blogsaverroes.juntadeandalucia.es\/iesaxati\/files\/2024\/01\/WhatsApp-Image-2024-01-26-at-13.11.35-1024x768.jpeg 1024w, https:\/\/blogsaverroes.juntadeandalucia.es\/iesaxati\/files\/2024\/01\/WhatsApp-Image-2024-01-26-at-13.11.35-300x225.jpeg 300w, https:\/\/blogsaverroes.juntadeandalucia.es\/iesaxati\/files\/2024\/01\/WhatsApp-Image-2024-01-26-at-13.11.35-768x576.jpeg 768w, https:\/\/blogsaverroes.juntadeandalucia.es\/iesaxati\/files\/2024\/01\/WhatsApp-Image-2024-01-26-at-13.11.35-1536x1152.jpeg 1536w, https:\/\/blogsaverroes.juntadeandalucia.es\/iesaxati\/files\/2024\/01\/WhatsApp-Image-2024-01-26-at-13.11.35.jpeg 1600w\" sizes=\"(max-width: 1024px) 100vw, 1024px\" \/><\/p>\n<p>&nbsp;<\/p>\n","protected":false},"excerpt":{"rendered":"<p>La semana pasada los alumnos de ciclo de la Familia Profesional de Electricidad y Electr\u00f3nica participaron en una jornada de formaci\u00f3n de mano de la empresa SOLARPACK. Desde aqu\u00ed&nbsp; queremos expresar nuestro m\u00e1s sincero&#46;&#46;&#46;<\/p>\n","protected":false},"author":7453,"featured_media":7553,"comment_status":"closed","ping_status":"open","sticky":false,"template":"","format":"standard","meta":{"ngg_post_thumbnail":0,"footnotes":""},"categories":[1865323,1007332],"tags":[],"aioseo_notices":[],"_links":{"self":[{"href":"https:\/\/blogsaverroes.juntadeandalucia.es\/iesaxati\/index.php?rest_route=\/wp\/v2\/posts\/7549"}],"collection":[{"href":"https:\/\/blogsaverroes.juntadeandalucia.es\/iesaxati\/index.php?rest_route=\/wp\/v2\/posts"}],"about":[{"href":"https:\/\/blogsaverroes.juntadeandalucia.es\/iesaxati\/index.php?rest_route=\/wp\/v2\/types\/post"}],"author":[{"embeddable":true,"href":"https:\/\/blogsaverroes.juntadeandalucia.es\/iesaxati\/index.php?rest_route=\/wp\/v2\/users\/7453"}],"replies":[{"embeddable":true,"href":"https:\/\/blogsaverroes.juntadeandalucia.es\/iesaxati\/index.php?rest_route=%2Fwp%2Fv2%2Fcomments&post=7549"}],"version-history":[{"count":1,"href":"https:\/\/blogsaverroes.juntadeandalucia.es\/iesaxati\/index.php?rest_route=\/wp\/v2\/posts\/7549\/revisions"}],"predecessor-version":[{"id":7554,"href":"https:\/\/blogsaverroes.juntadeandalucia.es\/iesaxati\/index.php?rest_route=\/wp\/v2\/posts\/7549\/revisions\/7554"}],"wp:featuredmedia":[{"embeddable":true,"href":"https:\/\/blogsaverroes.juntadeandalucia.es\/iesaxati\/index.php?rest_route=\/wp\/v2\/media\/7553"}],"wp:attachment":[{"href":"https:\/\/blogsaverroes.juntadeandalucia.es\/iesaxati\/index.php?rest_route=%2Fwp%2Fv2%2Fmedia&parent=7549"}],"wp:term":[{"taxonomy":"category","embeddable":true,"href":"https:\/\/blogsaverroes.juntadeandalucia.es\/iesaxati\/index.php?rest_route=%2Fwp%2Fv2%2Fcategories&post=7549"},{"taxonomy":"post_tag","embeddable":true,"href":"https:\/\/blogsaverroes.juntadeandalucia.es\/iesaxati\/index.php?rest_route=%2Fwp%2Fv2%2Ftags&post=7549"}],"curies":[{"name":"wp","href":"https:\/\/api.w.org\/{rel}","templated":true}]}}