{"id":7692,"date":"2024-04-08T09:42:54","date_gmt":"2024-04-08T09:42:54","guid":{"rendered":"https:\/\/blogsaverroes.juntadeandalucia.es\/iesaxati\/?p=7692"},"modified":"2024-04-08T09:43:58","modified_gmt":"2024-04-08T09:43:58","slug":"2-abril-dia-mundial-de-concienciacion-sobre-el-autismo","status":"publish","type":"post","link":"https:\/\/blogsaverroes.juntadeandalucia.es\/iesaxati\/?p=7692","title":{"rendered":"2 abril D\u00eda Mundial de Concienciaci\u00f3n sobre el Autismo"},"content":{"rendered":"<p>El 2 de abril se celebra el D\u00eda Mundial de Concienciaci\u00f3n sobre el Autismo.<br \/>\nEste d\u00eda, creado por la Asamblea General de las Naciones Unidas, pretende poner de relieve la necesidad de contribuir a la mejora de la calidad de vida de las personas con autismo, para que puedan llevar una vida plena, gratificante y sobre todo para que cada uno de ellos sea y se sienta parte integrante de la sociedad.<br \/>\nNosotros, desde el IES Axati trabajamos la concienciaci\u00f3n y sensibilizaci\u00f3n del alumnado con este Trastorno. Para ello, el Departamento de Orientaci\u00f3n ha promovido trabajar desde la Acci\u00f3n tutorial, a lo largo de esta semana, y durante el mes de abril actividades que favorezcan la visualizaci\u00f3n del Trastorno de Espectro Autista y se sensibilicen con las personas que se identifican con este trastorno.<\/p>\n<p><img fetchpriority=\"high\" decoding=\"async\" class=\"alignnone wp-image-7693 size-large\" src=\"https:\/\/blogsaverroes.juntadeandalucia.es\/iesaxati\/files\/2024\/04\/WhatsApp-Image-2024-04-08-at-11.13.42-2-1024x768.jpeg\" alt=\"\" width=\"1024\" height=\"768\" srcset=\"https:\/\/blogsaverroes.juntadeandalucia.es\/iesaxati\/files\/2024\/04\/WhatsApp-Image-2024-04-08-at-11.13.42-2-1024x768.jpeg 1024w, https:\/\/blogsaverroes.juntadeandalucia.es\/iesaxati\/files\/2024\/04\/WhatsApp-Image-2024-04-08-at-11.13.42-2-300x225.jpeg 300w, https:\/\/blogsaverroes.juntadeandalucia.es\/iesaxati\/files\/2024\/04\/WhatsApp-Image-2024-04-08-at-11.13.42-2-768x576.jpeg 768w, https:\/\/blogsaverroes.juntadeandalucia.es\/iesaxati\/files\/2024\/04\/WhatsApp-Image-2024-04-08-at-11.13.42-2-1536x1152.jpeg 1536w, https:\/\/blogsaverroes.juntadeandalucia.es\/iesaxati\/files\/2024\/04\/WhatsApp-Image-2024-04-08-at-11.13.42-2.jpeg 1600w\" sizes=\"(max-width: 1024px) 100vw, 1024px\" \/><\/p>\n<p><img decoding=\"async\" class=\"alignnone wp-image-7694 size-large\" src=\"https:\/\/blogsaverroes.juntadeandalucia.es\/iesaxati\/files\/2024\/04\/WhatsApp-Image-2024-04-08-at-11.13.42-1-1024x768.jpeg\" alt=\"\" width=\"1024\" height=\"768\" srcset=\"https:\/\/blogsaverroes.juntadeandalucia.es\/iesaxati\/files\/2024\/04\/WhatsApp-Image-2024-04-08-at-11.13.42-1-1024x768.jpeg 1024w, https:\/\/blogsaverroes.juntadeandalucia.es\/iesaxati\/files\/2024\/04\/WhatsApp-Image-2024-04-08-at-11.13.42-1-300x225.jpeg 300w, https:\/\/blogsaverroes.juntadeandalucia.es\/iesaxati\/files\/2024\/04\/WhatsApp-Image-2024-04-08-at-11.13.42-1-768x576.jpeg 768w, https:\/\/blogsaverroes.juntadeandalucia.es\/iesaxati\/files\/2024\/04\/WhatsApp-Image-2024-04-08-at-11.13.42-1-1536x1152.jpeg 1536w, https:\/\/blogsaverroes.juntadeandalucia.es\/iesaxati\/files\/2024\/04\/WhatsApp-Image-2024-04-08-at-11.13.42-1.jpeg 1600w\" sizes=\"(max-width: 1024px) 100vw, 1024px\" \/><\/p>\n<p><img decoding=\"async\" class=\"alignnone wp-image-7695 size-large\" src=\"https:\/\/blogsaverroes.juntadeandalucia.es\/iesaxati\/files\/2024\/04\/WhatsApp-Image-2024-04-08-at-11.13.42-1024x768.jpeg\" alt=\"\" width=\"1024\" height=\"768\" srcset=\"https:\/\/blogsaverroes.juntadeandalucia.es\/iesaxati\/files\/2024\/04\/WhatsApp-Image-2024-04-08-at-11.13.42-1024x768.jpeg 1024w, https:\/\/blogsaverroes.juntadeandalucia.es\/iesaxati\/files\/2024\/04\/WhatsApp-Image-2024-04-08-at-11.13.42-300x225.jpeg 300w, https:\/\/blogsaverroes.juntadeandalucia.es\/iesaxati\/files\/2024\/04\/WhatsApp-Image-2024-04-08-at-11.13.42-768x576.jpeg 768w, https:\/\/blogsaverroes.juntadeandalucia.es\/iesaxati\/files\/2024\/04\/WhatsApp-Image-2024-04-08-at-11.13.42-1536x1152.jpeg 1536w, https:\/\/blogsaverroes.juntadeandalucia.es\/iesaxati\/files\/2024\/04\/WhatsApp-Image-2024-04-08-at-11.13.42.jpeg 1600w\" sizes=\"(max-width: 1024px) 100vw, 1024px\" \/><\/p>\n<p><img loading=\"lazy\" decoding=\"async\" class=\"alignnone wp-image-7696 size-large\" src=\"https:\/\/blogsaverroes.juntadeandalucia.es\/iesaxati\/files\/2024\/04\/WhatsApp-Image-2024-04-08-at-11.13.41-3-1024x768.jpeg\" alt=\"\" width=\"1024\" height=\"768\" srcset=\"https:\/\/blogsaverroes.juntadeandalucia.es\/iesaxati\/files\/2024\/04\/WhatsApp-Image-2024-04-08-at-11.13.41-3-1024x768.jpeg 1024w, https:\/\/blogsaverroes.juntadeandalucia.es\/iesaxati\/files\/2024\/04\/WhatsApp-Image-2024-04-08-at-11.13.41-3-300x225.jpeg 300w, https:\/\/blogsaverroes.juntadeandalucia.es\/iesaxati\/files\/2024\/04\/WhatsApp-Image-2024-04-08-at-11.13.41-3-768x576.jpeg 768w, https:\/\/blogsaverroes.juntadeandalucia.es\/iesaxati\/files\/2024\/04\/WhatsApp-Image-2024-04-08-at-11.13.41-3-1536x1152.jpeg 1536w, https:\/\/blogsaverroes.juntadeandalucia.es\/iesaxati\/files\/2024\/04\/WhatsApp-Image-2024-04-08-at-11.13.41-3.jpeg 1600w\" sizes=\"(max-width: 1024px) 100vw, 1024px\" \/><\/p>\n<p><img loading=\"lazy\" decoding=\"async\" class=\"alignnone wp-image-7697 size-large\" src=\"https:\/\/blogsaverroes.juntadeandalucia.es\/iesaxati\/files\/2024\/04\/WhatsApp-Image-2024-04-08-at-11.13.41-2-1024x768.jpeg\" alt=\"\" width=\"1024\" height=\"768\" srcset=\"https:\/\/blogsaverroes.juntadeandalucia.es\/iesaxati\/files\/2024\/04\/WhatsApp-Image-2024-04-08-at-11.13.41-2-1024x768.jpeg 1024w, https:\/\/blogsaverroes.juntadeandalucia.es\/iesaxati\/files\/2024\/04\/WhatsApp-Image-2024-04-08-at-11.13.41-2-300x225.jpeg 300w, https:\/\/blogsaverroes.juntadeandalucia.es\/iesaxati\/files\/2024\/04\/WhatsApp-Image-2024-04-08-at-11.13.41-2-768x576.jpeg 768w, https:\/\/blogsaverroes.juntadeandalucia.es\/iesaxati\/files\/2024\/04\/WhatsApp-Image-2024-04-08-at-11.13.41-2-1536x1152.jpeg 1536w, https:\/\/blogsaverroes.juntadeandalucia.es\/iesaxati\/files\/2024\/04\/WhatsApp-Image-2024-04-08-at-11.13.41-2.jpeg 1600w\" sizes=\"(max-width: 1024px) 100vw, 1024px\" \/><\/p>\n<p><img loading=\"lazy\" decoding=\"async\" class=\"alignnone wp-image-7698 size-large\" src=\"https:\/\/blogsaverroes.juntadeandalucia.es\/iesaxati\/files\/2024\/04\/WhatsApp-Image-2024-04-08-at-11.13.41-1-1024x768.jpeg\" alt=\"\" width=\"1024\" height=\"768\" srcset=\"https:\/\/blogsaverroes.juntadeandalucia.es\/iesaxati\/files\/2024\/04\/WhatsApp-Image-2024-04-08-at-11.13.41-1-1024x768.jpeg 1024w, https:\/\/blogsaverroes.juntadeandalucia.es\/iesaxati\/files\/2024\/04\/WhatsApp-Image-2024-04-08-at-11.13.41-1-300x225.jpeg 300w, https:\/\/blogsaverroes.juntadeandalucia.es\/iesaxati\/files\/2024\/04\/WhatsApp-Image-2024-04-08-at-11.13.41-1-768x576.jpeg 768w, https:\/\/blogsaverroes.juntadeandalucia.es\/iesaxati\/files\/2024\/04\/WhatsApp-Image-2024-04-08-at-11.13.41-1-1536x1152.jpeg 1536w, https:\/\/blogsaverroes.juntadeandalucia.es\/iesaxati\/files\/2024\/04\/WhatsApp-Image-2024-04-08-at-11.13.41-1.jpeg 1600w\" sizes=\"(max-width: 1024px) 100vw, 1024px\" \/><\/p>\n<p><img loading=\"lazy\" decoding=\"async\" class=\"alignnone wp-image-7699 size-large\" src=\"https:\/\/blogsaverroes.juntadeandalucia.es\/iesaxati\/files\/2024\/04\/WhatsApp-Image-2024-04-08-at-11.13.41-1024x768.jpeg\" alt=\"\" width=\"1024\" height=\"768\" srcset=\"https:\/\/blogsaverroes.juntadeandalucia.es\/iesaxati\/files\/2024\/04\/WhatsApp-Image-2024-04-08-at-11.13.41-1024x768.jpeg 1024w, https:\/\/blogsaverroes.juntadeandalucia.es\/iesaxati\/files\/2024\/04\/WhatsApp-Image-2024-04-08-at-11.13.41-300x225.jpeg 300w, https:\/\/blogsaverroes.juntadeandalucia.es\/iesaxati\/files\/2024\/04\/WhatsApp-Image-2024-04-08-at-11.13.41-768x576.jpeg 768w, https:\/\/blogsaverroes.juntadeandalucia.es\/iesaxati\/files\/2024\/04\/WhatsApp-Image-2024-04-08-at-11.13.41-1536x1152.jpeg 1536w, https:\/\/blogsaverroes.juntadeandalucia.es\/iesaxati\/files\/2024\/04\/WhatsApp-Image-2024-04-08-at-11.13.41.jpeg 1600w\" sizes=\"(max-width: 1024px) 100vw, 1024px\" \/><\/p>\n","protected":false},"excerpt":{"rendered":"<p>El 2 de abril se celebra el D\u00eda Mundial de Concienciaci\u00f3n sobre el Autismo. Este d\u00eda, creado por la Asamblea General de las Naciones Unidas, pretende poner de relieve la necesidad de contribuir a&#46;&#46;&#46;<\/p>\n","protected":false},"author":7453,"featured_media":7700,"comment_status":"closed","ping_status":"open","sticky":false,"template":"","format":"standard","meta":{"ngg_post_thumbnail":0,"footnotes":""},"categories":[1865622],"tags":[],"aioseo_notices":[],"_links":{"self":[{"href":"https:\/\/blogsaverroes.juntadeandalucia.es\/iesaxati\/index.php?rest_route=\/wp\/v2\/posts\/7692"}],"collection":[{"href":"https:\/\/blogsaverroes.juntadeandalucia.es\/iesaxati\/index.php?rest_route=\/wp\/v2\/posts"}],"about":[{"href":"https:\/\/blogsaverroes.juntadeandalucia.es\/iesaxati\/index.php?rest_route=\/wp\/v2\/types\/post"}],"author":[{"embeddable":true,"href":"https:\/\/blogsaverroes.juntadeandalucia.es\/iesaxati\/index.php?rest_route=\/wp\/v2\/users\/7453"}],"replies":[{"embeddable":true,"href":"https:\/\/blogsaverroes.juntadeandalucia.es\/iesaxati\/index.php?rest_route=%2Fwp%2Fv2%2Fcomments&post=7692"}],"version-history":[{"count":1,"href":"https:\/\/blogsaverroes.juntadeandalucia.es\/iesaxati\/index.php?rest_route=\/wp\/v2\/posts\/7692\/revisions"}],"predecessor-version":[{"id":7701,"href":"https:\/\/blogsaverroes.juntadeandalucia.es\/iesaxati\/index.php?rest_route=\/wp\/v2\/posts\/7692\/revisions\/7701"}],"wp:featuredmedia":[{"embeddable":true,"href":"https:\/\/blogsaverroes.juntadeandalucia.es\/iesaxati\/index.php?rest_route=\/wp\/v2\/media\/7700"}],"wp:attachment":[{"href":"https:\/\/blogsaverroes.juntadeandalucia.es\/iesaxati\/index.php?rest_route=%2Fwp%2Fv2%2Fmedia&parent=7692"}],"wp:term":[{"taxonomy":"category","embeddable":true,"href":"https:\/\/blogsaverroes.juntadeandalucia.es\/iesaxati\/index.php?rest_route=%2Fwp%2Fv2%2Fcategories&post=7692"},{"taxonomy":"post_tag","embeddable":true,"href":"https:\/\/blogsaverroes.juntadeandalucia.es\/iesaxati\/index.php?rest_route=%2Fwp%2Fv2%2Ftags&post=7692"}],"curies":[{"name":"wp","href":"https:\/\/api.w.org\/{rel}","templated":true}]}}