{"id":7795,"date":"2024-04-30T05:52:00","date_gmt":"2024-04-30T05:52:00","guid":{"rendered":"https:\/\/blogsaverroes.juntadeandalucia.es\/iesaxati\/?p=7795"},"modified":"2024-04-30T05:54:45","modified_gmt":"2024-04-30T05:54:45","slug":"taller-de-emprendimiento-para-el-alumnado-de-4o-eso-a-y-b","status":"publish","type":"post","link":"https:\/\/blogsaverroes.juntadeandalucia.es\/iesaxati\/?p=7795","title":{"rendered":"Taller de Emprendimiento para el alumnado de 4\u00ba ESO A y  B"},"content":{"rendered":"<p>El pasado viernes 26 de abril se celebr\u00f3 un taller de emprendimiento en el aula que para tal efecto hay en el instituto. Estaba dirigida a los alumnos de 4\u00ba de la ESO A y B que asisten a las asignaturas de <strong>Econom\u00eda y Emprendimiento<\/strong> y<strong> Formaci\u00f3n y Orientaci\u00f3n Profesional y Personal<\/strong>. Ha sido impartido por <em>Nieves Milla<\/em> t\u00e9cnica del CADE del Lora del R\u00edo. En el taller se nos ha hablado sobre c\u00f3mo el emprendimiento no s\u00f3lo se aplica a la actividad econ\u00f3mica sino que a todas las facetas de la vida. Y hemos visto las caracter\u00edsticas personales de los emprendedores ilustradas con personas que destacan como Rafael Nadal o Carolina Mar\u00edn.&nbsp;<\/p>\n<p><img fetchpriority=\"high\" decoding=\"async\" class=\"alignnone wp-image-7796 size-large\" src=\"https:\/\/blogsaverroes.juntadeandalucia.es\/iesaxati\/files\/2024\/04\/WhatsApp-Image-2024-04-26-at-10.40.25-771x1024.jpeg\" alt=\"\" width=\"771\" height=\"1024\" srcset=\"https:\/\/blogsaverroes.juntadeandalucia.es\/iesaxati\/files\/2024\/04\/WhatsApp-Image-2024-04-26-at-10.40.25-771x1024.jpeg 771w, https:\/\/blogsaverroes.juntadeandalucia.es\/iesaxati\/files\/2024\/04\/WhatsApp-Image-2024-04-26-at-10.40.25-226x300.jpeg 226w, https:\/\/blogsaverroes.juntadeandalucia.es\/iesaxati\/files\/2024\/04\/WhatsApp-Image-2024-04-26-at-10.40.25-768x1020.jpeg 768w, https:\/\/blogsaverroes.juntadeandalucia.es\/iesaxati\/files\/2024\/04\/WhatsApp-Image-2024-04-26-at-10.40.25-1157x1536.jpeg 1157w, https:\/\/blogsaverroes.juntadeandalucia.es\/iesaxati\/files\/2024\/04\/WhatsApp-Image-2024-04-26-at-10.40.25.jpeg 1205w\" sizes=\"(max-width: 771px) 100vw, 771px\" \/><\/p>\n<p><img decoding=\"async\" class=\"alignnone wp-image-7797 size-large\" src=\"https:\/\/blogsaverroes.juntadeandalucia.es\/iesaxati\/files\/2024\/04\/WhatsApp-Image-2024-04-26-at-10.24.01-1024x771.jpeg\" alt=\"\" width=\"1024\" height=\"771\" srcset=\"https:\/\/blogsaverroes.juntadeandalucia.es\/iesaxati\/files\/2024\/04\/WhatsApp-Image-2024-04-26-at-10.24.01-1024x771.jpeg 1024w, https:\/\/blogsaverroes.juntadeandalucia.es\/iesaxati\/files\/2024\/04\/WhatsApp-Image-2024-04-26-at-10.24.01-300x226.jpeg 300w, https:\/\/blogsaverroes.juntadeandalucia.es\/iesaxati\/files\/2024\/04\/WhatsApp-Image-2024-04-26-at-10.24.01-768x578.jpeg 768w, https:\/\/blogsaverroes.juntadeandalucia.es\/iesaxati\/files\/2024\/04\/WhatsApp-Image-2024-04-26-at-10.24.01-1536x1157.jpeg 1536w, https:\/\/blogsaverroes.juntadeandalucia.es\/iesaxati\/files\/2024\/04\/WhatsApp-Image-2024-04-26-at-10.24.01.jpeg 1600w\" sizes=\"(max-width: 1024px) 100vw, 1024px\" \/><\/p>\n","protected":false},"excerpt":{"rendered":"<p>El pasado viernes 26 de abril se celebr\u00f3 un taller de emprendimiento en el aula que para tal efecto hay en el instituto. Estaba dirigida a los alumnos de 4\u00ba de la ESO A&#46;&#46;&#46;<\/p>\n","protected":false},"author":7453,"featured_media":7103,"comment_status":"closed","ping_status":"open","sticky":false,"template":"","format":"standard","meta":{"ngg_post_thumbnail":0,"footnotes":""},"categories":[1865630,597933],"tags":[],"aioseo_notices":[],"_links":{"self":[{"href":"https:\/\/blogsaverroes.juntadeandalucia.es\/iesaxati\/index.php?rest_route=\/wp\/v2\/posts\/7795"}],"collection":[{"href":"https:\/\/blogsaverroes.juntadeandalucia.es\/iesaxati\/index.php?rest_route=\/wp\/v2\/posts"}],"about":[{"href":"https:\/\/blogsaverroes.juntadeandalucia.es\/iesaxati\/index.php?rest_route=\/wp\/v2\/types\/post"}],"author":[{"embeddable":true,"href":"https:\/\/blogsaverroes.juntadeandalucia.es\/iesaxati\/index.php?rest_route=\/wp\/v2\/users\/7453"}],"replies":[{"embeddable":true,"href":"https:\/\/blogsaverroes.juntadeandalucia.es\/iesaxati\/index.php?rest_route=%2Fwp%2Fv2%2Fcomments&post=7795"}],"version-history":[{"count":2,"href":"https:\/\/blogsaverroes.juntadeandalucia.es\/iesaxati\/index.php?rest_route=\/wp\/v2\/posts\/7795\/revisions"}],"predecessor-version":[{"id":7799,"href":"https:\/\/blogsaverroes.juntadeandalucia.es\/iesaxati\/index.php?rest_route=\/wp\/v2\/posts\/7795\/revisions\/7799"}],"wp:featuredmedia":[{"embeddable":true,"href":"https:\/\/blogsaverroes.juntadeandalucia.es\/iesaxati\/index.php?rest_route=\/wp\/v2\/media\/7103"}],"wp:attachment":[{"href":"https:\/\/blogsaverroes.juntadeandalucia.es\/iesaxati\/index.php?rest_route=%2Fwp%2Fv2%2Fmedia&parent=7795"}],"wp:term":[{"taxonomy":"category","embeddable":true,"href":"https:\/\/blogsaverroes.juntadeandalucia.es\/iesaxati\/index.php?rest_route=%2Fwp%2Fv2%2Fcategories&post=7795"},{"taxonomy":"post_tag","embeddable":true,"href":"https:\/\/blogsaverroes.juntadeandalucia.es\/iesaxati\/index.php?rest_route=%2Fwp%2Fv2%2Ftags&post=7795"}],"curies":[{"name":"wp","href":"https:\/\/api.w.org\/{rel}","templated":true}]}}