{"id":8017,"date":"2024-06-23T11:20:21","date_gmt":"2024-06-23T11:20:21","guid":{"rendered":"https:\/\/blogsaverroes.juntadeandalucia.es\/iesaxati\/?p=8017"},"modified":"2024-06-23T11:20:21","modified_gmt":"2024-06-23T11:20:21","slug":"renovacion-mobiliario-del-aula-de-emprendimiento","status":"publish","type":"post","link":"https:\/\/blogsaverroes.juntadeandalucia.es\/iesaxati\/?p=8017","title":{"rendered":"Renovaci\u00f3n mobiliario del aula de emprendimiento"},"content":{"rendered":"<p>Gracias al <em>Plan Estrat\u00e9gico de impulso de la Formaci\u00f3n Profesional<\/em> ha sido posible renovar y modernizar el mobiliario del aula de Emprendimiento de cara al pr\u00f3ximo curso. Las mesas son regulables en la altura y adem\u00e1s facilitan la organizaci\u00f3n gracias a su flexibilidad y versatilidad que permite adaptarlas a las diversas necesidades propias del entorno de trabajo.<\/p>\n<p><img fetchpriority=\"high\" decoding=\"async\" class=\"alignnone wp-image-7097 size-full\" src=\"https:\/\/blogsaverroes.juntadeandalucia.es\/iesaxati\/files\/2023\/10\/placa_aula_emprendimiento.png\" alt=\"\" width=\"938\" height=\"670\" srcset=\"https:\/\/blogsaverroes.juntadeandalucia.es\/iesaxati\/files\/2023\/10\/placa_aula_emprendimiento.png 938w, https:\/\/blogsaverroes.juntadeandalucia.es\/iesaxati\/files\/2023\/10\/placa_aula_emprendimiento-300x214.png 300w, https:\/\/blogsaverroes.juntadeandalucia.es\/iesaxati\/files\/2023\/10\/placa_aula_emprendimiento-768x549.png 768w\" sizes=\"(max-width: 938px) 100vw, 938px\" \/><\/p>\n<p><img decoding=\"async\" class=\"alignnone wp-image-8018 size-large\" src=\"https:\/\/blogsaverroes.juntadeandalucia.es\/iesaxati\/files\/2024\/06\/WhatsApp-Image-2024-06-21-at-22.57.21-1-1024x768.jpeg\" alt=\"\" width=\"1024\" height=\"768\" srcset=\"https:\/\/blogsaverroes.juntadeandalucia.es\/iesaxati\/files\/2024\/06\/WhatsApp-Image-2024-06-21-at-22.57.21-1-1024x768.jpeg 1024w, https:\/\/blogsaverroes.juntadeandalucia.es\/iesaxati\/files\/2024\/06\/WhatsApp-Image-2024-06-21-at-22.57.21-1-300x225.jpeg 300w, https:\/\/blogsaverroes.juntadeandalucia.es\/iesaxati\/files\/2024\/06\/WhatsApp-Image-2024-06-21-at-22.57.21-1-768x576.jpeg 768w, https:\/\/blogsaverroes.juntadeandalucia.es\/iesaxati\/files\/2024\/06\/WhatsApp-Image-2024-06-21-at-22.57.21-1-1536x1152.jpeg 1536w, https:\/\/blogsaverroes.juntadeandalucia.es\/iesaxati\/files\/2024\/06\/WhatsApp-Image-2024-06-21-at-22.57.21-1.jpeg 1600w\" sizes=\"(max-width: 1024px) 100vw, 1024px\" \/> <img decoding=\"async\" class=\"alignnone wp-image-8019 size-large\" src=\"https:\/\/blogsaverroes.juntadeandalucia.es\/iesaxati\/files\/2024\/06\/WhatsApp-Image-2024-06-21-at-22.57.21-2-768x1024.jpeg\" alt=\"\" width=\"768\" height=\"1024\" srcset=\"https:\/\/blogsaverroes.juntadeandalucia.es\/iesaxati\/files\/2024\/06\/WhatsApp-Image-2024-06-21-at-22.57.21-2-768x1024.jpeg 768w, https:\/\/blogsaverroes.juntadeandalucia.es\/iesaxati\/files\/2024\/06\/WhatsApp-Image-2024-06-21-at-22.57.21-2-225x300.jpeg 225w, https:\/\/blogsaverroes.juntadeandalucia.es\/iesaxati\/files\/2024\/06\/WhatsApp-Image-2024-06-21-at-22.57.21-2-1152x1536.jpeg 1152w, https:\/\/blogsaverroes.juntadeandalucia.es\/iesaxati\/files\/2024\/06\/WhatsApp-Image-2024-06-21-at-22.57.21-2.jpeg 1200w\" sizes=\"(max-width: 768px) 100vw, 768px\" \/> <img loading=\"lazy\" decoding=\"async\" class=\"alignnone wp-image-8020 size-large\" src=\"https:\/\/blogsaverroes.juntadeandalucia.es\/iesaxati\/files\/2024\/06\/WhatsApp-Image-2024-06-21-at-22.57.21-3-768x1024.jpeg\" alt=\"\" width=\"768\" height=\"1024\" srcset=\"https:\/\/blogsaverroes.juntadeandalucia.es\/iesaxati\/files\/2024\/06\/WhatsApp-Image-2024-06-21-at-22.57.21-3-768x1024.jpeg 768w, https:\/\/blogsaverroes.juntadeandalucia.es\/iesaxati\/files\/2024\/06\/WhatsApp-Image-2024-06-21-at-22.57.21-3-225x300.jpeg 225w, https:\/\/blogsaverroes.juntadeandalucia.es\/iesaxati\/files\/2024\/06\/WhatsApp-Image-2024-06-21-at-22.57.21-3-1152x1536.jpeg 1152w, https:\/\/blogsaverroes.juntadeandalucia.es\/iesaxati\/files\/2024\/06\/WhatsApp-Image-2024-06-21-at-22.57.21-3.jpeg 1200w\" sizes=\"(max-width: 768px) 100vw, 768px\" \/> &nbsp;<img loading=\"lazy\" decoding=\"async\" class=\"alignnone wp-image-8022 size-large\" src=\"https:\/\/blogsaverroes.juntadeandalucia.es\/iesaxati\/files\/2024\/06\/WhatsApp-Image-2024-06-21-at-22.57.21-1024x768.jpeg\" alt=\"\" width=\"1024\" height=\"768\" srcset=\"https:\/\/blogsaverroes.juntadeandalucia.es\/iesaxati\/files\/2024\/06\/WhatsApp-Image-2024-06-21-at-22.57.21-1024x768.jpeg 1024w, https:\/\/blogsaverroes.juntadeandalucia.es\/iesaxati\/files\/2024\/06\/WhatsApp-Image-2024-06-21-at-22.57.21-300x225.jpeg 300w, https:\/\/blogsaverroes.juntadeandalucia.es\/iesaxati\/files\/2024\/06\/WhatsApp-Image-2024-06-21-at-22.57.21-768x576.jpeg 768w, https:\/\/blogsaverroes.juntadeandalucia.es\/iesaxati\/files\/2024\/06\/WhatsApp-Image-2024-06-21-at-22.57.21-1536x1152.jpeg 1536w, https:\/\/blogsaverroes.juntadeandalucia.es\/iesaxati\/files\/2024\/06\/WhatsApp-Image-2024-06-21-at-22.57.21.jpeg 1600w\" sizes=\"(max-width: 1024px) 100vw, 1024px\" \/><\/p>\n","protected":false},"excerpt":{"rendered":"<p>Gracias al Plan Estrat\u00e9gico de impulso de la Formaci\u00f3n Profesional ha sido posible renovar y modernizar el mobiliario del aula de Emprendimiento de cara al pr\u00f3ximo curso. Las mesas son regulables en la altura&#46;&#46;&#46;<\/p>\n","protected":false},"author":7453,"featured_media":7103,"comment_status":"closed","ping_status":"open","sticky":false,"template":"","format":"standard","meta":{"ngg_post_thumbnail":0,"footnotes":""},"categories":[1865630],"tags":[],"aioseo_notices":[],"_links":{"self":[{"href":"https:\/\/blogsaverroes.juntadeandalucia.es\/iesaxati\/index.php?rest_route=\/wp\/v2\/posts\/8017"}],"collection":[{"href":"https:\/\/blogsaverroes.juntadeandalucia.es\/iesaxati\/index.php?rest_route=\/wp\/v2\/posts"}],"about":[{"href":"https:\/\/blogsaverroes.juntadeandalucia.es\/iesaxati\/index.php?rest_route=\/wp\/v2\/types\/post"}],"author":[{"embeddable":true,"href":"https:\/\/blogsaverroes.juntadeandalucia.es\/iesaxati\/index.php?rest_route=\/wp\/v2\/users\/7453"}],"replies":[{"embeddable":true,"href":"https:\/\/blogsaverroes.juntadeandalucia.es\/iesaxati\/index.php?rest_route=%2Fwp%2Fv2%2Fcomments&post=8017"}],"version-history":[{"count":1,"href":"https:\/\/blogsaverroes.juntadeandalucia.es\/iesaxati\/index.php?rest_route=\/wp\/v2\/posts\/8017\/revisions"}],"predecessor-version":[{"id":8023,"href":"https:\/\/blogsaverroes.juntadeandalucia.es\/iesaxati\/index.php?rest_route=\/wp\/v2\/posts\/8017\/revisions\/8023"}],"wp:featuredmedia":[{"embeddable":true,"href":"https:\/\/blogsaverroes.juntadeandalucia.es\/iesaxati\/index.php?rest_route=\/wp\/v2\/media\/7103"}],"wp:attachment":[{"href":"https:\/\/blogsaverroes.juntadeandalucia.es\/iesaxati\/index.php?rest_route=%2Fwp%2Fv2%2Fmedia&parent=8017"}],"wp:term":[{"taxonomy":"category","embeddable":true,"href":"https:\/\/blogsaverroes.juntadeandalucia.es\/iesaxati\/index.php?rest_route=%2Fwp%2Fv2%2Fcategories&post=8017"},{"taxonomy":"post_tag","embeddable":true,"href":"https:\/\/blogsaverroes.juntadeandalucia.es\/iesaxati\/index.php?rest_route=%2Fwp%2Fv2%2Ftags&post=8017"}],"curies":[{"name":"wp","href":"https:\/\/api.w.org\/{rel}","templated":true}]}}