{"id":8040,"date":"2024-09-16T13:43:53","date_gmt":"2024-09-16T13:43:53","guid":{"rendered":"https:\/\/blogsaverroes.juntadeandalucia.es\/iesaxati\/?p=8040"},"modified":"2024-09-16T13:47:03","modified_gmt":"2024-09-16T13:47:03","slug":"transporte-escolar","status":"publish","type":"post","link":"https:\/\/blogsaverroes.juntadeandalucia.es\/iesaxati\/?p=8040","title":{"rendered":"Transporte Escolar"},"content":{"rendered":"<p>Recordamos el horario para el transporte escolar:<\/p>\n<table style=\"border-collapse: collapse;width: 101.364%;height: 383px\">\n<tbody>\n<tr>\n<td style=\"width: 50%\">La Puebla&nbsp;<\/p>\n<p>Las Casitas<\/td>\n<td style=\"width: 50%\">7:10<\/td>\n<\/tr>\n<tr>\n<td style=\"width: 50%\">Setefilla<\/td>\n<td style=\"width: 50%\">7:20<\/td>\n<\/tr>\n<tr>\n<td style=\"width: 50%\">Vered\u00f3n<\/td>\n<td style=\"width: 50%\">7:25<\/td>\n<\/tr>\n<tr>\n<td style=\"width: 50%\">Pe\u00f1aflor<\/td>\n<td style=\"width: 50%\">7:30<\/td>\n<\/tr>\n<tr>\n<td style=\"width: 50%\">El Priorato<\/td>\n<td style=\"width: 50%\">7:35<\/td>\n<\/tr>\n<tr>\n<td style=\"width: 50%\">El Barrero<\/p>\n<p>Huerta Helecho<\/p>\n<p>Nuestro Padre Jes\u00fas<\/td>\n<td style=\"width: 50%\">7:45<\/td>\n<\/tr>\n<tr>\n<td style=\"width: 50%\">&nbsp;<\/td>\n<td style=\"width: 50%\">&nbsp;<\/td>\n<\/tr>\n<tr>\n<td style=\"width: 50%\">&nbsp;<\/td>\n<td style=\"width: 50%\">&nbsp;<\/td>\n<\/tr>\n<\/tbody>\n<\/table>\n","protected":false},"excerpt":{"rendered":"<p>Recordamos el horario para el transporte escolar: La Puebla&nbsp; Las Casitas 7:10 Setefilla 7:20 Vered\u00f3n 7:25 Pe\u00f1aflor 7:30 El Priorato 7:35 El Barrero Huerta Helecho Nuestro Padre Jes\u00fas 7:45 &nbsp; &nbsp; &nbsp; &nbsp;<\/p>\n","protected":false},"author":7453,"featured_media":8043,"comment_status":"closed","ping_status":"open","sticky":false,"template":"","format":"standard","meta":{"ngg_post_thumbnail":0,"footnotes":""},"categories":[11909],"tags":[],"aioseo_notices":[],"_links":{"self":[{"href":"https:\/\/blogsaverroes.juntadeandalucia.es\/iesaxati\/index.php?rest_route=\/wp\/v2\/posts\/8040"}],"collection":[{"href":"https:\/\/blogsaverroes.juntadeandalucia.es\/iesaxati\/index.php?rest_route=\/wp\/v2\/posts"}],"about":[{"href":"https:\/\/blogsaverroes.juntadeandalucia.es\/iesaxati\/index.php?rest_route=\/wp\/v2\/types\/post"}],"author":[{"embeddable":true,"href":"https:\/\/blogsaverroes.juntadeandalucia.es\/iesaxati\/index.php?rest_route=\/wp\/v2\/users\/7453"}],"replies":[{"embeddable":true,"href":"https:\/\/blogsaverroes.juntadeandalucia.es\/iesaxati\/index.php?rest_route=%2Fwp%2Fv2%2Fcomments&post=8040"}],"version-history":[{"count":2,"href":"https:\/\/blogsaverroes.juntadeandalucia.es\/iesaxati\/index.php?rest_route=\/wp\/v2\/posts\/8040\/revisions"}],"predecessor-version":[{"id":8042,"href":"https:\/\/blogsaverroes.juntadeandalucia.es\/iesaxati\/index.php?rest_route=\/wp\/v2\/posts\/8040\/revisions\/8042"}],"wp:featuredmedia":[{"embeddable":true,"href":"https:\/\/blogsaverroes.juntadeandalucia.es\/iesaxati\/index.php?rest_route=\/wp\/v2\/media\/8043"}],"wp:attachment":[{"href":"https:\/\/blogsaverroes.juntadeandalucia.es\/iesaxati\/index.php?rest_route=%2Fwp%2Fv2%2Fmedia&parent=8040"}],"wp:term":[{"taxonomy":"category","embeddable":true,"href":"https:\/\/blogsaverroes.juntadeandalucia.es\/iesaxati\/index.php?rest_route=%2Fwp%2Fv2%2Fcategories&post=8040"},{"taxonomy":"post_tag","embeddable":true,"href":"https:\/\/blogsaverroes.juntadeandalucia.es\/iesaxati\/index.php?rest_route=%2Fwp%2Fv2%2Ftags&post=8040"}],"curies":[{"name":"wp","href":"https:\/\/api.w.org\/{rel}","templated":true}]}}