{"id":8103,"date":"2024-10-16T16:48:02","date_gmt":"2024-10-16T16:48:02","guid":{"rendered":"https:\/\/blogsaverroes.juntadeandalucia.es\/iesaxati\/?p=8103"},"modified":"2024-10-16T16:57:16","modified_gmt":"2024-10-16T16:57:16","slug":"convocatoria-erasmus-2024-25-fp","status":"publish","type":"post","link":"https:\/\/blogsaverroes.juntadeandalucia.es\/iesaxati\/?p=8103","title":{"rendered":"Convocatoria Erasmus 2024-25 FP"},"content":{"rendered":"<p style=\"text-align: justify\">El IES AXATI, centro coordinador del consorcio Erasmus+ (2023-1-ES01-KA121-VET-000122654 y 2024-1-ES01-KA121-VET-000209450) para la realizaci\u00f3n de pr\u00e1cticas en empresas de estudiantes de grado medio y FP b\u00e1sica convoca para el curso 2024\/25:<\/p>\n<p style=\"padding-left: 40px\">* 22 becas de movilidad de 30 d\u00edas de duraci\u00f3n (FLUJO 1) en febrero 2025.<\/p>\n<p style=\"padding-left: 40px\">* 20 becas de movilidad de 91 d\u00edas de duraci\u00f3n (FLUJO 2) en marzo 2025.<\/p>\n<p style=\"padding-left: 40px\">* 10 becas de movilidad de 21 d\u00edas de duraci\u00f3n (FLUJO 3) en junio 2025.<\/p>\n<p style=\"padding-left: 40px\">* 6 becas de movilidad de 91 d\u00edas de duraci\u00f3n (FLUJO 4) en verano 2025.<\/p>\n<p>&nbsp;<\/p>\n<p>2. DESTINATARIOS<\/p>\n<p>Pueden presentar su candidatura los\/as siguientes alumnos\/as:<\/p>\n<ul>\n<li>&nbsp;Para el Flujo 1:\n<ul>\n<li>Alumnado de 1\u00ba de GM o alumnado de FPB (horas convalidables Dual).<\/li>\n<\/ul>\n<\/li>\n<li>Para el Flujo 2:\n<ul>\n<li>Alumnado de 2\u00ba de GM (convalidables como FCT)<\/li>\n<\/ul>\n<\/li>\n<li>Para el Flujo 3:\n<ul>\n<li>Alumnado de 1\u00ba, 2\u00ba de GM o FPB.<\/li>\n<\/ul>\n<\/li>\n<li>Para el Flujo 4:\n<ul>\n<li>Alumnado que haya acabado 1\u00ba GM y alumnado titulado de 2\u00ba GM o FPB.<\/li>\n<\/ul>\n<\/li>\n<\/ul>\n<p>&nbsp;<\/p>\n<p>Asimismo, los\/as candidatos\/as deben reunir los siguientes requisitos antes de la fecha l\u00edmite de presentaci\u00f3n de candidaturas:<\/p>\n<ul>\n<li>Tener como m\u00ednimo 16 a\u00f1os de edad.<\/li>\n<li>&nbsp;Estar matriculado en el curso 2024-2025 en alguna de las especialidades de Grado Medio o FP B\u00e1sica que se imparten en cualquiera de los centros educativos socios de env\u00edo del consorcio (citados en el punto 1).<\/li>\n<li>Ser ciudadanos espa\u00f1oles residentes en Espa\u00f1a, ciudadanos de Pa\u00edses miembros de la Uni\u00f3n Europea que residan legalmente en Espa\u00f1a o ciudadanos de Pa\u00edses no miembros de la Uni\u00f3n Europea que residan legalmente en Espa\u00f1a;<\/li>\n<li>Tener en regla los documentos que permiten la expatriaci\u00f3n (DNI o pasaporte y permiso de residencia para ciudadanos no comunitarios);<\/li>\n<\/ul>\n<p>No obstante los flujos de movilidad previstos en la convocatoria, el consorcio se reserva la capacidad de publicar convocatorias extraordinarias a lo largo del curso, siempre que el n\u00famero de plazas disponibles y las condiciones log\u00edsticas lo permitan.<\/p>\n<p>La entidad promotora se reserva el derecho de cambiar los destinos, plazas y\/o fechas de acuerdo con sus propias necesidades, incluso tras la publicaci\u00f3n de la presente convocatoria.<\/p>\n<p>El pa\u00eds de destino de cada participante ser\u00e1 elegido por el consorcio seg\u00fan la especialidad de estudios, el CV y las competencias destacadas en el formulario de solicitud. En ning\u00fan caso el participante podr\u00e1 expresar preferencias con respecto al destino.<\/p>\n<p>Las empresas de acogida ser\u00e1n escogidas por los entes coordinadores en colaboraci\u00f3n con los socios europeos bas\u00e1ndose en las informaciones contenidas en el formulario de solicitud enviado, en el CV y en el nivel de conocimiento de la lengua inglesa o del idioma hablado en el pa\u00eds de destino.<\/p>\n<p>&nbsp;<\/p>\n<p>Se pretende:<\/p>\n<ul>\n<li>Realizar pr\u00e1cticas en empresas, adquiriendo los resultados de aprendizaje necesarios para la obtenci\u00f3n del T\u00edtulo correspondiente.<\/li>\n<li>Mejorar la competencia profesional, personal y ling\u00fc\u00edstica de los participantes.<\/li>\n<li>Hacer a los participantes verdaderos ciudadanos europeos, aumentando sus posibilidades de vivir y trabajar en un pa\u00eds de la Uni\u00f3n Europea.<\/li>\n<li>Incrementar sus posibilidades de inserci\u00f3n laboral.<\/li>\n<\/ul>\n<p>&nbsp;<\/p>\n<p><strong>Plazo de entrega de los flujos 1 y 2, hasta el 3 de noviembre de 2024<\/strong><\/p>\n<p><strong>Plazo de entrega de los flujos 3 y 4, desde el 20 de enero hasta el 7 de abril de 2025<\/strong><\/p>\n<hr>\n<p><a href=\"https:\/\/docs.google.com\/forms\/d\/e\/1FAIpQLSd1rFNe_p8QhZrwp2ldSlNEgqr9_nY7kYEV-jySarpSobtoHQ\/viewform?pli=1\">Enlace al formulario de solicitud<\/a><\/p>\n<p><a href=\"https:\/\/blogsaverroes.juntadeandalucia.es\/iesaxati\/files\/2024\/10\/Solicitud-Erasmus-GM.pdf\">Descargar solicitud Erasmus para firmar<\/a><\/p>\n<p><a href=\"https:\/\/blogsaverroes.juntadeandalucia.es\/iesaxati\/files\/2024\/10\/BASES-DE-LA-CONVOCATORIA-ERASMUS-MUEVETE-24-25.pdf\">Bases de la convocatoria<\/a><\/p>\n<p><a href=\"https:\/\/blogsaverroes.juntadeandalucia.es\/iesaxati\/files\/2023\/02\/Europass-CV-gu%C3%ADa.pdf\">Gu\u00eda para crear curriculum en Europass<\/a><\/p>\n","protected":false},"excerpt":{"rendered":"<p>El IES AXATI, centro coordinador del consorcio Erasmus+ (2023-1-ES01-KA121-VET-000122654 y 2024-1-ES01-KA121-VET-000209450) para la realizaci\u00f3n de pr\u00e1cticas en empresas de estudiantes de grado medio y FP b\u00e1sica convoca para el curso 2024\/25: * 22 becas&#46;&#46;&#46;<\/p>\n","protected":false},"author":7453,"featured_media":3289,"comment_status":"closed","ping_status":"open","sticky":false,"template":"","format":"standard","meta":{"ngg_post_thumbnail":0,"footnotes":""},"categories":[1197886],"tags":[],"aioseo_notices":[],"_links":{"self":[{"href":"https:\/\/blogsaverroes.juntadeandalucia.es\/iesaxati\/index.php?rest_route=\/wp\/v2\/posts\/8103"}],"collection":[{"href":"https:\/\/blogsaverroes.juntadeandalucia.es\/iesaxati\/index.php?rest_route=\/wp\/v2\/posts"}],"about":[{"href":"https:\/\/blogsaverroes.juntadeandalucia.es\/iesaxati\/index.php?rest_route=\/wp\/v2\/types\/post"}],"author":[{"embeddable":true,"href":"https:\/\/blogsaverroes.juntadeandalucia.es\/iesaxati\/index.php?rest_route=\/wp\/v2\/users\/7453"}],"replies":[{"embeddable":true,"href":"https:\/\/blogsaverroes.juntadeandalucia.es\/iesaxati\/index.php?rest_route=%2Fwp%2Fv2%2Fcomments&post=8103"}],"version-history":[{"count":3,"href":"https:\/\/blogsaverroes.juntadeandalucia.es\/iesaxati\/index.php?rest_route=\/wp\/v2\/posts\/8103\/revisions"}],"predecessor-version":[{"id":8106,"href":"https:\/\/blogsaverroes.juntadeandalucia.es\/iesaxati\/index.php?rest_route=\/wp\/v2\/posts\/8103\/revisions\/8106"}],"wp:featuredmedia":[{"embeddable":true,"href":"https:\/\/blogsaverroes.juntadeandalucia.es\/iesaxati\/index.php?rest_route=\/wp\/v2\/media\/3289"}],"wp:attachment":[{"href":"https:\/\/blogsaverroes.juntadeandalucia.es\/iesaxati\/index.php?rest_route=%2Fwp%2Fv2%2Fmedia&parent=8103"}],"wp:term":[{"taxonomy":"category","embeddable":true,"href":"https:\/\/blogsaverroes.juntadeandalucia.es\/iesaxati\/index.php?rest_route=%2Fwp%2Fv2%2Fcategories&post=8103"},{"taxonomy":"post_tag","embeddable":true,"href":"https:\/\/blogsaverroes.juntadeandalucia.es\/iesaxati\/index.php?rest_route=%2Fwp%2Fv2%2Ftags&post=8103"}],"curies":[{"name":"wp","href":"https:\/\/api.w.org\/{rel}","templated":true}]}}