{"id":8339,"date":"2025-01-27T10:28:31","date_gmt":"2025-01-27T10:28:31","guid":{"rendered":"https:\/\/blogsaverroes.juntadeandalucia.es\/iesaxati\/?p=8339"},"modified":"2025-01-27T10:32:55","modified_gmt":"2025-01-27T10:32:55","slug":"exposicion-luz-y-vida","status":"publish","type":"post","link":"https:\/\/blogsaverroes.juntadeandalucia.es\/iesaxati\/?p=8339","title":{"rendered":"Exposici\u00f3n \u00abLuz y Vida\u00bb"},"content":{"rendered":"<div dir=\"auto\">Nuestro centro acoge desde el 22 de enero al 7 de febrero de 2025 la exposici\u00f3n \u00abLuz y Vida\u00bb. Esta muestra, promovida por el Instituto de Academias de Andaluc\u00eda, tiene como objetivo concienciar de la importancia que tiene la luz en nuestras vidas.<\/div>\n<div dir=\"auto\"><img fetchpriority=\"high\" decoding=\"async\" class=\"alignnone size-full wp-image-8341\" src=\"https:\/\/blogsaverroes.juntadeandalucia.es\/iesaxati\/files\/2025\/01\/WhatsApp-Image-2025-01-24-at-10.47.26-856x565-1.jpeg\" alt=\"\" width=\"856\" height=\"565\" srcset=\"https:\/\/blogsaverroes.juntadeandalucia.es\/iesaxati\/files\/2025\/01\/WhatsApp-Image-2025-01-24-at-10.47.26-856x565-1.jpeg 856w, https:\/\/blogsaverroes.juntadeandalucia.es\/iesaxati\/files\/2025\/01\/WhatsApp-Image-2025-01-24-at-10.47.26-856x565-1-300x198.jpeg 300w, https:\/\/blogsaverroes.juntadeandalucia.es\/iesaxati\/files\/2025\/01\/WhatsApp-Image-2025-01-24-at-10.47.26-856x565-1-768x507.jpeg 768w\" sizes=\"(max-width: 856px) 100vw, 856px\" \/><\/div>\n<div dir=\"auto\">La actividad se encuentra incluida en el programa de actividades de Ciencia al Fresquito 365 \u00a1Ciencia Fresquita!, organizado por la Fundaci\u00f3n Descubre y la Consejer\u00eda de Universidad, Investigaci\u00f3n e Innovaci\u00f3n de la Junta de Andaluc\u00eda, con la financiaci\u00f3n de la Fundaci\u00f3n Espa\u00f1ola para la Ciencia y la Tecnolog\u00eda.<\/div>\n<div dir=\"auto\">Organiza<\/div>\n<div dir=\"auto\"><em>Fundaci\u00f3n Descubre y Consejer\u00eda de Universidad, Investigaci\u00f3n e Innovaci\u00f3n<\/em><\/div>\n<div dir=\"auto\"><em>Patrocina Fundaci\u00f3n Espa\u00f1ola para la Ciencia y la Tecnolog\u00eda (FECYT)<\/em><\/div>\n<div dir=\"auto\">Colabora<\/div>\n<div dir=\"auto\"><em>Instituto de Academias de Andaluc\u00eda e IES Axati<\/em><\/div>\n","protected":false},"excerpt":{"rendered":"<p>Nuestro centro acoge desde el 22 de enero al 7 de febrero de 2025 la exposici\u00f3n \u00abLuz y Vida\u00bb. Esta muestra, promovida por el Instituto de Academias de Andaluc\u00eda, tiene como objetivo concienciar de&#46;&#46;&#46;<\/p>\n","protected":false},"author":7453,"featured_media":8340,"comment_status":"closed","ping_status":"open","sticky":false,"template":"","format":"standard","meta":{"ngg_post_thumbnail":0,"footnotes":""},"categories":[12185],"tags":[],"aioseo_notices":[],"_links":{"self":[{"href":"https:\/\/blogsaverroes.juntadeandalucia.es\/iesaxati\/index.php?rest_route=\/wp\/v2\/posts\/8339"}],"collection":[{"href":"https:\/\/blogsaverroes.juntadeandalucia.es\/iesaxati\/index.php?rest_route=\/wp\/v2\/posts"}],"about":[{"href":"https:\/\/blogsaverroes.juntadeandalucia.es\/iesaxati\/index.php?rest_route=\/wp\/v2\/types\/post"}],"author":[{"embeddable":true,"href":"https:\/\/blogsaverroes.juntadeandalucia.es\/iesaxati\/index.php?rest_route=\/wp\/v2\/users\/7453"}],"replies":[{"embeddable":true,"href":"https:\/\/blogsaverroes.juntadeandalucia.es\/iesaxati\/index.php?rest_route=%2Fwp%2Fv2%2Fcomments&post=8339"}],"version-history":[{"count":1,"href":"https:\/\/blogsaverroes.juntadeandalucia.es\/iesaxati\/index.php?rest_route=\/wp\/v2\/posts\/8339\/revisions"}],"predecessor-version":[{"id":8342,"href":"https:\/\/blogsaverroes.juntadeandalucia.es\/iesaxati\/index.php?rest_route=\/wp\/v2\/posts\/8339\/revisions\/8342"}],"wp:featuredmedia":[{"embeddable":true,"href":"https:\/\/blogsaverroes.juntadeandalucia.es\/iesaxati\/index.php?rest_route=\/wp\/v2\/media\/8340"}],"wp:attachment":[{"href":"https:\/\/blogsaverroes.juntadeandalucia.es\/iesaxati\/index.php?rest_route=%2Fwp%2Fv2%2Fmedia&parent=8339"}],"wp:term":[{"taxonomy":"category","embeddable":true,"href":"https:\/\/blogsaverroes.juntadeandalucia.es\/iesaxati\/index.php?rest_route=%2Fwp%2Fv2%2Fcategories&post=8339"},{"taxonomy":"post_tag","embeddable":true,"href":"https:\/\/blogsaverroes.juntadeandalucia.es\/iesaxati\/index.php?rest_route=%2Fwp%2Fv2%2Ftags&post=8339"}],"curies":[{"name":"wp","href":"https:\/\/api.w.org\/{rel}","templated":true}]}}