{"id":8464,"date":"2025-02-27T16:51:58","date_gmt":"2025-02-27T16:51:58","guid":{"rendered":"https:\/\/blogsaverroes.juntadeandalucia.es\/iesaxati\/?p=8464"},"modified":"2025-02-27T16:53:01","modified_gmt":"2025-02-27T16:53:01","slug":"convocatoria-erasmus-job-shadowing-budapest","status":"publish","type":"post","link":"https:\/\/blogsaverroes.juntadeandalucia.es\/iesaxati\/?p=8464","title":{"rendered":"Convocatoria Erasmus: Job Shadowing Budapest"},"content":{"rendered":"<div>Se convocan dos plazas Erasmus+ para participar en una Visita de Observaci\u00f3n&nbsp; (Job Shadowing) en el centro BGSZC TELEKI BLANKA K\u00d6ZGAZDAS\u00c1GI TECHNIKUM de Budapest. (<a href=\"https:\/\/telekiblankabp.hu\/\" target=\"_blank\" rel=\"noopener\" data-saferedirecturl=\"https:\/\/www.google.com\/url?q=https:\/\/telekiblankabp.hu&amp;source=gmail&amp;ust=1740761312426000&amp;usg=AOvVaw2UMTXVOLyUGeK8xdjSGD4h\">https:\/\/telekiblankabp.hu<\/a>)<\/div>\n<div>&nbsp;<\/div>\n<div>Fechas: del 25 al 27 de marzo (mas dos d\u00edas de viaje),<\/div>\n<div>Dirigidas a profesorado de FP de la familia Administraci\u00f3n y Finanzas.<\/div>\n<div>&nbsp;<\/div>\n<div>Contenidos:&nbsp;<\/div>\n<div>Conocer el sistema educativo local&nbsp;<\/div>\n<div>Visita las instalaciones de la escuela y observaci\u00f3n de las clases de otros docentes,<br \/>\nAsistir en talleres pr\u00e1cticos y participar en mesas redondas posibles visitas a empresas colaboradoras de ese centro.<\/div>\n<div>&nbsp;<\/div>\n<div>Condiciones:<\/div>\n<div>El profesorado participante tiene una beca de la Comisi\u00f3n Europea que cubre los gastos de viaje y un apoyo diario (FAQ).<br \/>\nCon la beca, gestiona por su cuenta: vuelo i\/v en las fechas estimadas, el seguro, el alojamiento, las dietas en destino, el transporte local.<\/div>\n<div>&nbsp;<\/div>\n<div>Certificaci\u00f3n:<br \/>\nCertificado de la movilidad<br \/>\nDocumento Europass Mobility<\/div>\n<div>&nbsp;<\/div>\n<div>Inscripci\u00f3n: Contactar con el coordinador Erasmus<\/div>\n","protected":false},"excerpt":{"rendered":"<p>Se convocan dos plazas Erasmus+ para participar en una Visita de Observaci\u00f3n&nbsp; (Job Shadowing) en el centro BGSZC TELEKI BLANKA K\u00d6ZGAZDAS\u00c1GI TECHNIKUM de Budapest. (https:\/\/telekiblankabp.hu) &nbsp; Fechas: del 25 al 27 de marzo (mas&#46;&#46;&#46;<\/p>\n","protected":false},"author":7453,"featured_media":8441,"comment_status":"closed","ping_status":"open","sticky":false,"template":"","format":"standard","meta":{"ngg_post_thumbnail":0,"footnotes":""},"categories":[1197886],"tags":[],"aioseo_notices":[],"_links":{"self":[{"href":"https:\/\/blogsaverroes.juntadeandalucia.es\/iesaxati\/index.php?rest_route=\/wp\/v2\/posts\/8464"}],"collection":[{"href":"https:\/\/blogsaverroes.juntadeandalucia.es\/iesaxati\/index.php?rest_route=\/wp\/v2\/posts"}],"about":[{"href":"https:\/\/blogsaverroes.juntadeandalucia.es\/iesaxati\/index.php?rest_route=\/wp\/v2\/types\/post"}],"author":[{"embeddable":true,"href":"https:\/\/blogsaverroes.juntadeandalucia.es\/iesaxati\/index.php?rest_route=\/wp\/v2\/users\/7453"}],"replies":[{"embeddable":true,"href":"https:\/\/blogsaverroes.juntadeandalucia.es\/iesaxati\/index.php?rest_route=%2Fwp%2Fv2%2Fcomments&post=8464"}],"version-history":[{"count":1,"href":"https:\/\/blogsaverroes.juntadeandalucia.es\/iesaxati\/index.php?rest_route=\/wp\/v2\/posts\/8464\/revisions"}],"predecessor-version":[{"id":8465,"href":"https:\/\/blogsaverroes.juntadeandalucia.es\/iesaxati\/index.php?rest_route=\/wp\/v2\/posts\/8464\/revisions\/8465"}],"wp:featuredmedia":[{"embeddable":true,"href":"https:\/\/blogsaverroes.juntadeandalucia.es\/iesaxati\/index.php?rest_route=\/wp\/v2\/media\/8441"}],"wp:attachment":[{"href":"https:\/\/blogsaverroes.juntadeandalucia.es\/iesaxati\/index.php?rest_route=%2Fwp%2Fv2%2Fmedia&parent=8464"}],"wp:term":[{"taxonomy":"category","embeddable":true,"href":"https:\/\/blogsaverroes.juntadeandalucia.es\/iesaxati\/index.php?rest_route=%2Fwp%2Fv2%2Fcategories&post=8464"},{"taxonomy":"post_tag","embeddable":true,"href":"https:\/\/blogsaverroes.juntadeandalucia.es\/iesaxati\/index.php?rest_route=%2Fwp%2Fv2%2Ftags&post=8464"}],"curies":[{"name":"wp","href":"https:\/\/api.w.org\/{rel}","templated":true}]}}