{"id":8529,"date":"2025-03-21T18:34:05","date_gmt":"2025-03-21T18:34:05","guid":{"rendered":"https:\/\/blogsaverroes.juntadeandalucia.es\/iesaxati\/?p=8529"},"modified":"2025-03-21T18:35:24","modified_gmt":"2025-03-21T18:35:24","slug":"8529","status":"publish","type":"post","link":"https:\/\/blogsaverroes.juntadeandalucia.es\/iesaxati\/?p=8529","title":{"rendered":"Colaboraci\u00f3n con la Asociaci\u00f3n de Alzheimer \u00abSetefilla\u00bb de Lora del R\u00edo"},"content":{"rendered":"<p style=\"text-align: justify\">El Departamento de Lengua Castellana y Literatura y Religi\u00f3n, junto con la directiva del IES Axati, entregan hoy, 21 de marzo, a la <em>Asociaci\u00f3n de Alzheimer &#8216;Setefilla&#8217; de Lora del R\u00edo<\/em> el dinero recaudado en la actividad realizada el D\u00eda de San Valent\u00edn en nuestro centro.<\/p>\n<p style=\"text-align: justify\">Esta actividad celebr\u00f3 el cari\u00f1o y el afecto entre todos los miembros de la comunidad educativa.&nbsp;<\/p>\n<p style=\"text-align: justify\">Agradecemos al claustro del profesorado del IES Axati su implicaci\u00f3n y compromiso en la actividad.<\/p>\n<p><img fetchpriority=\"high\" decoding=\"async\" class=\"alignnone size-large wp-image-8530\" src=\"https:\/\/blogsaverroes.juntadeandalucia.es\/iesaxati\/files\/2025\/03\/WhatsApp-Image-2025-03-21-at-12.26.08-1024x576.jpeg\" alt=\"\" width=\"1024\" height=\"576\" srcset=\"https:\/\/blogsaverroes.juntadeandalucia.es\/iesaxati\/files\/2025\/03\/WhatsApp-Image-2025-03-21-at-12.26.08-1024x576.jpeg 1024w, https:\/\/blogsaverroes.juntadeandalucia.es\/iesaxati\/files\/2025\/03\/WhatsApp-Image-2025-03-21-at-12.26.08-300x169.jpeg 300w, https:\/\/blogsaverroes.juntadeandalucia.es\/iesaxati\/files\/2025\/03\/WhatsApp-Image-2025-03-21-at-12.26.08-768x432.jpeg 768w, https:\/\/blogsaverroes.juntadeandalucia.es\/iesaxati\/files\/2025\/03\/WhatsApp-Image-2025-03-21-at-12.26.08-1536x864.jpeg 1536w, https:\/\/blogsaverroes.juntadeandalucia.es\/iesaxati\/files\/2025\/03\/WhatsApp-Image-2025-03-21-at-12.26.08.jpeg 1600w\" sizes=\"(max-width: 1024px) 100vw, 1024px\" \/><\/p>\n","protected":false},"excerpt":{"rendered":"<p>El Departamento de Lengua Castellana y Literatura y Religi\u00f3n, junto con la directiva del IES Axati, entregan hoy, 21 de marzo, a la Asociaci\u00f3n de Alzheimer &#8216;Setefilla&#8217; de Lora del R\u00edo el dinero recaudado&#46;&#46;&#46;<\/p>\n","protected":false},"author":7453,"featured_media":8531,"comment_status":"closed","ping_status":"open","sticky":false,"template":"","format":"standard","meta":{"ngg_post_thumbnail":0,"footnotes":""},"categories":[25505],"tags":[],"aioseo_notices":[],"_links":{"self":[{"href":"https:\/\/blogsaverroes.juntadeandalucia.es\/iesaxati\/index.php?rest_route=\/wp\/v2\/posts\/8529"}],"collection":[{"href":"https:\/\/blogsaverroes.juntadeandalucia.es\/iesaxati\/index.php?rest_route=\/wp\/v2\/posts"}],"about":[{"href":"https:\/\/blogsaverroes.juntadeandalucia.es\/iesaxati\/index.php?rest_route=\/wp\/v2\/types\/post"}],"author":[{"embeddable":true,"href":"https:\/\/blogsaverroes.juntadeandalucia.es\/iesaxati\/index.php?rest_route=\/wp\/v2\/users\/7453"}],"replies":[{"embeddable":true,"href":"https:\/\/blogsaverroes.juntadeandalucia.es\/iesaxati\/index.php?rest_route=%2Fwp%2Fv2%2Fcomments&post=8529"}],"version-history":[{"count":3,"href":"https:\/\/blogsaverroes.juntadeandalucia.es\/iesaxati\/index.php?rest_route=\/wp\/v2\/posts\/8529\/revisions"}],"predecessor-version":[{"id":8534,"href":"https:\/\/blogsaverroes.juntadeandalucia.es\/iesaxati\/index.php?rest_route=\/wp\/v2\/posts\/8529\/revisions\/8534"}],"wp:featuredmedia":[{"embeddable":true,"href":"https:\/\/blogsaverroes.juntadeandalucia.es\/iesaxati\/index.php?rest_route=\/wp\/v2\/media\/8531"}],"wp:attachment":[{"href":"https:\/\/blogsaverroes.juntadeandalucia.es\/iesaxati\/index.php?rest_route=%2Fwp%2Fv2%2Fmedia&parent=8529"}],"wp:term":[{"taxonomy":"category","embeddable":true,"href":"https:\/\/blogsaverroes.juntadeandalucia.es\/iesaxati\/index.php?rest_route=%2Fwp%2Fv2%2Fcategories&post=8529"},{"taxonomy":"post_tag","embeddable":true,"href":"https:\/\/blogsaverroes.juntadeandalucia.es\/iesaxati\/index.php?rest_route=%2Fwp%2Fv2%2Ftags&post=8529"}],"curies":[{"name":"wp","href":"https:\/\/api.w.org\/{rel}","templated":true}]}}