{"id":8562,"date":"2025-04-03T05:21:01","date_gmt":"2025-04-03T05:21:01","guid":{"rendered":"https:\/\/blogsaverroes.juntadeandalucia.es\/iesaxati\/?p=8562"},"modified":"2025-04-03T12:31:32","modified_gmt":"2025-04-03T12:31:32","slug":"dia-mundial-de-la-concienciacion-del-autismo","status":"publish","type":"post","link":"https:\/\/blogsaverroes.juntadeandalucia.es\/iesaxati\/?p=8562","title":{"rendered":"D\u00eda mundial de la concienciaci\u00f3n del autismo"},"content":{"rendered":"<p>Desde la acci\u00f3n tutorial se ha trabajado con el alumnado de nuestro IES la concienciaci\u00f3n del autismo realizando actividades de conocimiento sobre este trastorno. Tambi\u00e9n se llevar\u00e1 a cabo, durante el mes de abril, una gymkana de la discapacidad, dentro de la cual se incluir\u00e1 una prueba para comprender aspectos sobre el TEA y facilitar as\u00ed su conocimiento, concienciaci\u00f3n e inclusi\u00f3n. En dicha actividad participar\u00e1n alumnado de 1\u2070 de ESO de nuestro IES y el alumnado de 1\u2070 de ESO y aula espec\u00edfica del IES al-Lawra.<\/p>\n","protected":false},"excerpt":{"rendered":"<p>Desde la acci\u00f3n tutorial se ha trabajado con el alumnado de nuestro IES la concienciaci\u00f3n del autismo realizando actividades de conocimiento sobre este trastorno. Tambi\u00e9n se llevar\u00e1 a cabo, durante el mes de abril,&#46;&#46;&#46;<\/p>\n","protected":false},"author":7453,"featured_media":8569,"comment_status":"closed","ping_status":"open","sticky":false,"template":"","format":"standard","meta":{"ngg_post_thumbnail":0,"footnotes":""},"categories":[1865635],"tags":[],"aioseo_notices":[],"_links":{"self":[{"href":"https:\/\/blogsaverroes.juntadeandalucia.es\/iesaxati\/index.php?rest_route=\/wp\/v2\/posts\/8562"}],"collection":[{"href":"https:\/\/blogsaverroes.juntadeandalucia.es\/iesaxati\/index.php?rest_route=\/wp\/v2\/posts"}],"about":[{"href":"https:\/\/blogsaverroes.juntadeandalucia.es\/iesaxati\/index.php?rest_route=\/wp\/v2\/types\/post"}],"author":[{"embeddable":true,"href":"https:\/\/blogsaverroes.juntadeandalucia.es\/iesaxati\/index.php?rest_route=\/wp\/v2\/users\/7453"}],"replies":[{"embeddable":true,"href":"https:\/\/blogsaverroes.juntadeandalucia.es\/iesaxati\/index.php?rest_route=%2Fwp%2Fv2%2Fcomments&post=8562"}],"version-history":[{"count":1,"href":"https:\/\/blogsaverroes.juntadeandalucia.es\/iesaxati\/index.php?rest_route=\/wp\/v2\/posts\/8562\/revisions"}],"predecessor-version":[{"id":8564,"href":"https:\/\/blogsaverroes.juntadeandalucia.es\/iesaxati\/index.php?rest_route=\/wp\/v2\/posts\/8562\/revisions\/8564"}],"wp:featuredmedia":[{"embeddable":true,"href":"https:\/\/blogsaverroes.juntadeandalucia.es\/iesaxati\/index.php?rest_route=\/wp\/v2\/media\/8569"}],"wp:attachment":[{"href":"https:\/\/blogsaverroes.juntadeandalucia.es\/iesaxati\/index.php?rest_route=%2Fwp%2Fv2%2Fmedia&parent=8562"}],"wp:term":[{"taxonomy":"category","embeddable":true,"href":"https:\/\/blogsaverroes.juntadeandalucia.es\/iesaxati\/index.php?rest_route=%2Fwp%2Fv2%2Fcategories&post=8562"},{"taxonomy":"post_tag","embeddable":true,"href":"https:\/\/blogsaverroes.juntadeandalucia.es\/iesaxati\/index.php?rest_route=%2Fwp%2Fv2%2Ftags&post=8562"}],"curies":[{"name":"wp","href":"https:\/\/api.w.org\/{rel}","templated":true}]}}